{"id":1120,"date":"2014-03-26T23:27:14","date_gmt":"2014-03-26T22:27:14","guid":{"rendered":"http:\/\/www.designshop.hu\/blog\/?p=1120"},"modified":"2020-08-15T12:24:34","modified_gmt":"2020-08-15T11:24:34","slug":"figyelem-az-adobe-cs6-szoftverek-majus-30-ig-rendelhetok","status":"publish","type":"post","link":"https:\/\/designshop.hu\/blog\/figyelem-az-adobe-cs6-szoftverek-majus-30-ig-rendelhetok\/","title":{"rendered":"Az Adobe CS6 \u00fczleti szoftverek 2014 m\u00e1jus 30-ig rendelhet\u0151k"},"content":{"rendered":"<p>Az \u00fczleti \u00e9s korm\u00e1nyzati<a href=\"https:\/\/designshop.hu\/info\/adobe_creative_suite_6.php\"> CS6 szoftverek \u00e9s Creative Suite 6 csomagok<\/a> \u00e9rt\u00e9kes\u00edt\u00e9se\u00a0<strong>2014. m\u00e1jus 30<\/strong>-\u00e1n v\u00e9get \u00e9r. Ezt k\u00f6vet\u0151en m\u00e1r csak el\u0151fizet\u00e9ssel juthatunk \u00faj Adobe kreat\u00edv szoftverekhez&#8230;<!--more--><\/p>\n<p>A <a href=\"https:\/\/designshop.hu\/info\/adobe_creative_suite_6.php\">CS6 szoftverek \u00e9s Creative Suite 6 csomagok<\/a> az utols\u00f3 Adobe kreat\u00edv szoftver gener\u00e1ci\u00f3 az \u00f6r\u00f6k\u00f6s lincenc konstrukci\u00f3ban! \u00d6r\u00f6k\u00f6s licenc alatt \u00e9rtj\u00fck, hogy a haszn\u00e1latnak nincs id\u0151korl\u00e1tja. A <a href=\"https:\/\/www.designshop.hu\/info\/adobe_creative_cloud.php\">Creative Cloud<\/a> el\u0151fizet\u00e9s eset\u00e9ben a szoftverek \u00e9rtelemszer\u0171en csak az el\u0151fizet\u00e9s ideje alatt haszn\u00e1lhat\u00f3k \u00e9s \u00e9vente meg kell \u00faj\u00edtani.<\/p>\n<p>Fontos tudni! A megsz\u0171n\u00e9s az \u00fczleti \u00e9s korm\u00e1nyzati kreat\u00edv szoftverekre \u00e9s szoftvercsomagokra (Creative Suite) vonatkozik. N\u00e9h\u00e1ny szoftver, pl. Acrobat, Captivate, Photoshop Lightroom, Photoshop Elements egyel\u0151re tov\u00e1bbra is megv\u00e1s\u00e1rolhat\u00f3k \u00f6r\u00f6k\u00f6s licenc konstrukci\u00f3ban.<\/p>\n<p>A CS6 oktat\u00e1si licencekre\u00a0egyel\u0151re nem vonatkozik a megsz\u0171n\u00e9s &#8211; azok m\u00e9g hat\u00e1rozatlani ideig el\u00e9rhet\u0151k maradnak. (L\u00e1sd.&gt; <a href=\"https:\/\/www.designshop.hu\/blog\/adobe-cs6-utolso-rendelesi-datum-2015-februar-28\/\">Adobe CS6 Oktat\u00e1si szoftverek, utols\u00f3 rendel\u00e9si d\u00e1tum: 2015 febru\u00e1r 28<\/a>).<\/p>\n","protected":false},"excerpt":{"rendered":"<p>Az \u00fczleti \u00e9s korm\u00e1nyzati CS6 szoftverek \u00e9s Creative Suite 6 csomagok \u00e9rt\u00e9kes\u00edt\u00e9se\u00a02014. m\u00e1jus 30-\u00e1n v\u00e9get \u00e9r. Ezt k\u00f6vet\u0151en m\u00e1r csak el\u0151fizet\u00e9ssel juthatunk \u00faj Adobe kreat\u00edv szoftverekhez&#8230;<\/p>\n","protected":false},"author":1,"featured_media":3115,"comment_status":"closed","ping_status":"closed","sticky":false,"template":"","format":"standard","meta":{"footnotes":""},"categories":[7],"tags":[],"class_list":["post-1120","post","type-post","status-publish","format-standard","has-post-thumbnail","hentry","category-tippek","gyarto-adobe","szoftver-creative-suite","szoftver-dreamweaver","szoftver-illustrator","szoftver-indesign","szoftver-photoshop","szoftver-premiere-pro","verzio-cs6"],"views":5154,"_links":{"self":[{"href":"https:\/\/designshop.hu\/blog\/wp-json\/wp\/v2\/posts\/1120","targetHints":{"allow":["GET"]}}],"collection":[{"href":"https:\/\/designshop.hu\/blog\/wp-json\/wp\/v2\/posts"}],"about":[{"href":"https:\/\/designshop.hu\/blog\/wp-json\/wp\/v2\/types\/post"}],"author":[{"embeddable":true,"href":"https:\/\/designshop.hu\/blog\/wp-json\/wp\/v2\/users\/1"}],"replies":[{"embeddable":true,"href":"https:\/\/designshop.hu\/blog\/wp-json\/wp\/v2\/comments?post=1120"}],"version-history":[{"count":23,"href":"https:\/\/designshop.hu\/blog\/wp-json\/wp\/v2\/posts\/1120\/revisions"}],"predecessor-version":[{"id":3118,"href":"https:\/\/designshop.hu\/blog\/wp-json\/wp\/v2\/posts\/1120\/revisions\/3118"}],"wp:featuredmedia":[{"embeddable":true,"href":"https:\/\/designshop.hu\/blog\/wp-json\/wp\/v2\/media\/3115"}],"wp:attachment":[{"href":"https:\/\/designshop.hu\/blog\/wp-json\/wp\/v2\/media?parent=1120"}],"wp:term":[{"taxonomy":"category","embeddable":true,"href":"https:\/\/designshop.hu\/blog\/wp-json\/wp\/v2\/categories?post=1120"},{"taxonomy":"post_tag","embeddable":true,"href":"https:\/\/designshop.hu\/blog\/wp-json\/wp\/v2\/tags?post=1120"}],"curies":[{"name":"wp","href":"https:\/\/api.w.org\/{rel}","templated":true}]}}