{"id":1244,"date":"2015-01-24T15:16:13","date_gmt":"2015-01-24T14:16:13","guid":{"rendered":"http:\/\/www.designshop.hu\/blog\/?p=1244"},"modified":"2020-08-15T12:14:10","modified_gmt":"2020-08-15T11:14:10","slug":"adobe-cs6-utolso-rendelesi-datum-2015-februar-28","status":"publish","type":"post","link":"https:\/\/designshop.hu\/blog\/adobe-cs6-utolso-rendelesi-datum-2015-februar-28\/","title":{"rendered":"Adobe CS6 Oktat\u00e1si szoftverek, utols\u00f3 rendel\u00e9si d\u00e1tum: 2015 febru\u00e1r 28"},"content":{"rendered":"<p>A CS6 szoftverek \u00e9s Creative Suite 6 csomagok kedvezm\u00e9nyes, oktat\u00e1si v\u00e1ltozatai\u00a02015 febru\u00e1r v\u00e9g\u00e9ig rendelhet\u0151k! (Az \u00fczleti licencek\u00a0<a title=\"Az Adobe CS6 \u00fczleti szoftverek 2014 m\u00e1jus 30-ig rendelhet\u0151k\" href=\"http:\/\/www.designshop.hu\/blog\/figyelem-az-adobe-cs6-szoftverek-majus-30-ig-rendelhetok\/\">2014 m\u00e1jus 30-\u00e1ig voltak el\u00e9rhet\u0151k<\/a>). 2015 m\u00e1rcius 1-t\u0151l a Creative Cloud el\u0151fizet\u00e9s marad az egyetlen v\u00e1s\u00e1rl\u00e1si opci\u00f3 oktat\u00e1si \u00e9s non-profit int\u00e9zm\u00e9nyeknek is&#8230;<br \/>\n<!--more--><\/p>\n<p>Febru\u00e1r 28-ig v\u00e1s\u00e1rolhatj\u00e1k meg az oktat\u00e1si int\u00e9zm\u00e9nyek az \u00f6r\u00f6k\u00f6s, haszn\u00e1lati id\u0151korl\u00e1t n\u00e9lk\u00fcli Adobe CS6 kreat\u00edv szoftvereket, K12-es kedvezm\u00e9nyes csomagokat. Az Adobe l\u00e9p\u00e9se nem meglep\u0151, a m\u00e1r elavult CS6-os verzi\u00f3kat a Creative Cloud el\u0151fizet\u00e9s v\u00e1ltja.<\/p>\n<p>2015 m\u00e1rcius 1-t\u0151l az iskol\u00e1k 12-36 h\u00f3napig terjed\u0151 el\u0151fizet\u00e9st v\u00e1laszthatnak \u00e9s az id\u0151szak alatt megjelen\u0151 \u00faj funkci\u00f3k\/verzi\u00f3k nem jelentenek\u00a0t\u00f6bblet k\u00f6lts\u00e9get, teh\u00e1t garant\u00e1ltan a leg\u00fajabb technol\u00f3gi\u00e1kat tanulhatj\u00e1k a di\u00e1kok. A megfelel\u0151\u00a0el\u0151fizet\u00e9si konstrukci\u00f3 kiv\u00e1laszt\u00e1s\u00e1ban a\u00a0\u00a0m\u00e1rciusban meg\u00fajul\u00f3 <a href=\"http:\/\/www.designshop.hu\/info\/adobe_licenc_oktatasi.php\">Adobe\u00a0oktat\u00e1si t\u00e1j\u00e9koztat\u00f3 oldalunk<\/a> ny\u00fajt seg\u00edts\u00e9get.<\/p>\n","protected":false},"excerpt":{"rendered":"<p>A CS6 szoftverek \u00e9s Creative Suite 6 csomagok kedvezm\u00e9nyes, oktat\u00e1si v\u00e1ltozatai\u00a02015 febru\u00e1r v\u00e9g\u00e9ig rendelhet\u0151k! (Az \u00fczleti licencek\u00a02014 m\u00e1jus 30-\u00e1ig voltak el\u00e9rhet\u0151k). 2015 m\u00e1rcius 1-t\u0151l a Creative Cloud el\u0151fizet\u00e9s marad az egyetlen v\u00e1s\u00e1rl\u00e1si opci\u00f3 oktat\u00e1si \u00e9s non-profit int\u00e9zm\u00e9nyeknek is&#8230;<\/p>\n","protected":false},"author":1,"featured_media":3117,"comment_status":"closed","ping_status":"closed","sticky":false,"template":"","format":"standard","meta":{"footnotes":""},"categories":[1],"tags":[],"class_list":["post-1244","post","type-post","status-publish","format-standard","has-post-thumbnail","hentry","category-altalanos","gyarto-adobe","szoftver-creative-suite","verzio-cs6"],"views":2532,"_links":{"self":[{"href":"https:\/\/designshop.hu\/blog\/wp-json\/wp\/v2\/posts\/1244","targetHints":{"allow":["GET"]}}],"collection":[{"href":"https:\/\/designshop.hu\/blog\/wp-json\/wp\/v2\/posts"}],"about":[{"href":"https:\/\/designshop.hu\/blog\/wp-json\/wp\/v2\/types\/post"}],"author":[{"embeddable":true,"href":"https:\/\/designshop.hu\/blog\/wp-json\/wp\/v2\/users\/1"}],"replies":[{"embeddable":true,"href":"https:\/\/designshop.hu\/blog\/wp-json\/wp\/v2\/comments?post=1244"}],"version-history":[{"count":5,"href":"https:\/\/designshop.hu\/blog\/wp-json\/wp\/v2\/posts\/1244\/revisions"}],"predecessor-version":[{"id":2219,"href":"https:\/\/designshop.hu\/blog\/wp-json\/wp\/v2\/posts\/1244\/revisions\/2219"}],"wp:featuredmedia":[{"embeddable":true,"href":"https:\/\/designshop.hu\/blog\/wp-json\/wp\/v2\/media\/3117"}],"wp:attachment":[{"href":"https:\/\/designshop.hu\/blog\/wp-json\/wp\/v2\/media?parent=1244"}],"wp:term":[{"taxonomy":"category","embeddable":true,"href":"https:\/\/designshop.hu\/blog\/wp-json\/wp\/v2\/categories?post=1244"},{"taxonomy":"post_tag","embeddable":true,"href":"https:\/\/designshop.hu\/blog\/wp-json\/wp\/v2\/tags?post=1244"}],"curies":[{"name":"wp","href":"https:\/\/api.w.org\/{rel}","templated":true}]}}