{"id":1331,"date":"2016-01-18T09:43:24","date_gmt":"2016-01-18T08:43:24","guid":{"rendered":"http:\/\/www.designshop.hu\/blog\/?p=1331"},"modified":"2016-05-13T10:49:04","modified_gmt":"2016-05-13T09:49:04","slug":"adobe-creative-cloud-aramelkedes-es-promo","status":"publish","type":"post","link":"https:\/\/designshop.hu\/blog\/adobe-creative-cloud-aramelkedes-es-promo\/","title":{"rendered":"<del>Adobe Creative Cloud 28%, 33% kedvezm\u00e9ny \u00e9s v\u00e1rhat\u00f3 \u00e1ramelked\u00e9s<\/del>"},"content":{"rendered":"<p>Fizess el\u0151 a\u00a0<a href=\"http:\/\/www.designshop.hu\/adobe\/adobe-creative-cloud.php\">Creative Cloud<\/a> csomagra, vagy Single App-okra teljes \u00e1ron, vagy ha megfelelsz a felt\u00e9telnek &#8211; 28\/33% kedvezm\u00e9nnyel, 2016 m\u00e1rcius 4-ig! M\u00e1rcius 5-t\u0151l \u00e1ramel\u00e9st jelentett be az Adobe.<!--more--><\/p>\n<p>Jelen pillanatban az \u00e1ramelked\u00e9s m\u00e9rt\u00e9ke m\u00e9g nem ismert de mindenk\u00e9ppen javasolt m\u00e9g 2016 m\u00e1rcius 4 el\u0151tt elkezdeni\u00a0az el\u0151fizet\u00e9st! Az al\u00e1bbi 2 opci\u00f3d van a m\u00e1rcius 5-t\u0151l esed\u00e9kes magasabb \u00e1r elker\u00fcl\u00e9s\u00e9re:<\/p>\n<p>A) <a href=\"http:\/\/www.designshop.hu\/adobe\/adobe-creative-cloud.php\">Creative Cloud All Apps<\/a>\u00a0vagy a kiv\u00e1lasztott k\u00fcl\u00f6n\u00e1ll\u00f3 &#8211; Single App &#8211; szoftverre (pl. Photoshop, InDesign) teljes \u00e1ron t\u00f6rt\u00e9n\u0151 el\u0151fizet\u00e9s.<\/p>\n<p>B) Amennyiben rendelkezel Creative Suite 5, 5.5, vagy 6 csomaggal &#8211; a <a href=\"http:\/\/www.designshop.hu\/adobe\/adobe-creative-cloud.php\">Creative Cloud All Apps<\/a>\u00a0-ra 28% kedvezm\u00e9nnyel fizethetsz el\u0151 illetve ha rendelkezel k\u00fcl\u00f6n\u00e1ll\u00f3 szoftver CS5, CS5.5 vagy CS6 verzi\u00f3j\u00e1val (pl. Photoshop CS6) &#8211; a leg\u00fajabb CC Single App v\u00e1ltozatra 33% kedvezm\u00e9nnyel v\u00e1lthatsz. TIPP: mivel egyszerre ak\u00e1r 2 vagy 3 \u00e9vre is el\u0151fizethetsz, a kedvezm\u00e9nyes \u00e1rat t\u00f6bb \u00e9vre bebiztos\u00edthatod!<\/p>\n<p>Az Adobe t\u00e1j\u00e1koztat\u00e1sa szerint a m\u00e1rcius 5-t\u0151l esed\u00e9kes \u00e1ramelked\u00e9s nem fog vonatkozni az elm\u00falt \u00e9vekben meghirdetett prom\u00f3ci\u00f3k keret\u00e9ben v\u00e1s\u00e1rolt el\u0151fizet\u00e9sek kedvezm\u00e9nyes hosszabb\u00edt\u00e1saira.<\/p>\n<p>A teljes &#8211; All Apps &#8211; csomagok:<\/p>\n<ul>\n<li><a href=\"http:\/\/www.designshop.hu\/adobe\/adobe-creative-cloud.php\">Adobe Creative Cloud All Apps<\/a><\/li>\n<li><a href=\"http:\/\/www.designshop.hu\/adobe\/adobe-creative-cloud-stock.php\">Adobe Creative Cloud All Apps + Stock<\/a><\/li>\n<\/ul>\n<p>A k\u00fcl\u00f6n\u00e1ll\u00f3 &#8211; Single App &#8211; szoftverek:<\/p>\n<ul>\n<li><a href=\"http:\/\/www.designshop.hu\/adobe\/adobe-aftereffects.php\">Adobe After Effects CC<\/a><\/li>\n<li><a href=\"http:\/\/www.designshop.hu\/adobe\/adobe-audition.php\">Adobe Audition CC<\/a><\/li>\n<li><a href=\"http:\/\/www.designshop.hu\/adobe\/adobe-dreamweaver.php\">Adobe Dreamweaver CC<\/a><\/li>\n<li><a href=\"http:\/\/www.designshop.hu\/adobe\/adobe-flash.php\">Adobe Flash Pro \/ Adobe Animate CC<\/a><\/li>\n<li><a href=\"http:\/\/www.designshop.hu\/adobe\/adobe-illustrator.php\">Adobe Illustrator CC<\/a><\/li>\n<li><a href=\"http:\/\/www.designshop.hu\/adobe\/adobe-incopy.php\">Adobe InCopy CC<\/a><\/li>\n<li><a href=\"http:\/\/www.designshop.hu\/adobe\/adobe-indesign.php\">Adobe InDesign CC<\/a><\/li>\n<li><a href=\"http:\/\/www.designshop.hu\/adobe\/adobe-muse.php\">Adobe Muse CC<\/a><\/li>\n<li><a href=\"http:\/\/www.designshop.hu\/adobe\/adobe-photoshop.php\">Adobe Photoshop CC<\/a><\/li>\n<li><a href=\"http:\/\/www.designshop.hu\/adobe\/adobe-premiere.php\">Adobe Premiere CC<\/a><\/li>\n<\/ul>\n<p>Akci\u00f3s id\u0151szak: 2016.01.18 &#8211; 2016.03.04<\/p>\n","protected":false},"excerpt":{"rendered":"<p>Fizess el\u0151 a\u00a0Creative Cloud csomagra, vagy Single App-okra teljes \u00e1ron, vagy ha megfelelsz a felt\u00e9telnek &#8211; 28\/33% kedvezm\u00e9nnyel, 2016 m\u00e1rcius 4-ig! M\u00e1rcius 5-t\u0151l \u00e1ramel\u00e9st jelentett be az Adobe.<\/p>\n","protected":false},"author":1,"featured_media":0,"comment_status":"closed","ping_status":"closed","sticky":false,"template":"","format":"standard","meta":{"footnotes":""},"categories":[42],"tags":[],"class_list":["post-1331","post","type-post","status-publish","format-standard","hentry","category-akciok-lejart","gyarto-adobe","szoftver-creative-cloud"],"views":2522,"_links":{"self":[{"href":"https:\/\/designshop.hu\/blog\/wp-json\/wp\/v2\/posts\/1331","targetHints":{"allow":["GET"]}}],"collection":[{"href":"https:\/\/designshop.hu\/blog\/wp-json\/wp\/v2\/posts"}],"about":[{"href":"https:\/\/designshop.hu\/blog\/wp-json\/wp\/v2\/types\/post"}],"author":[{"embeddable":true,"href":"https:\/\/designshop.hu\/blog\/wp-json\/wp\/v2\/users\/1"}],"replies":[{"embeddable":true,"href":"https:\/\/designshop.hu\/blog\/wp-json\/wp\/v2\/comments?post=1331"}],"version-history":[{"count":11,"href":"https:\/\/designshop.hu\/blog\/wp-json\/wp\/v2\/posts\/1331\/revisions"}],"predecessor-version":[{"id":1506,"href":"https:\/\/designshop.hu\/blog\/wp-json\/wp\/v2\/posts\/1331\/revisions\/1506"}],"wp:attachment":[{"href":"https:\/\/designshop.hu\/blog\/wp-json\/wp\/v2\/media?parent=1331"}],"wp:term":[{"taxonomy":"category","embeddable":true,"href":"https:\/\/designshop.hu\/blog\/wp-json\/wp\/v2\/categories?post=1331"},{"taxonomy":"post_tag","embeddable":true,"href":"https:\/\/designshop.hu\/blog\/wp-json\/wp\/v2\/tags?post=1331"}],"curies":[{"name":"wp","href":"https:\/\/api.w.org\/{rel}","templated":true}]}}