{"id":1496,"date":"2016-05-13T10:07:53","date_gmt":"2016-05-13T09:07:53","guid":{"rendered":"http:\/\/www.designshop.hu\/blog\/?p=1496"},"modified":"2020-05-15T23:02:06","modified_gmt":"2020-05-15T22:02:06","slug":"creative_cloud_promo","status":"publish","type":"post","link":"https:\/\/designshop.hu\/blog\/creative_cloud_promo\/","title":{"rendered":"Az Adobe Creative Cloud 40%, 33%, 28% kedvezm\u00e9nyekr\u0151l&#8230;"},"content":{"rendered":"<p>Visszatekint\u00fcnk az elm\u00falt \u00e9vekben meghirdetett Adobe Creative Cloud Complete\/All Apps \u00e9s Single App prom\u00f3ci\u00f3k r\u00e9szleteire, felt\u00e9teleire&#8230;<!--more--><\/p>\n<p>A\u00a0Creative Cloud 2012-es bejelent\u00e9s\u00e9t\u0151l 2016 m\u00e1rcius 4-ig az Adobe jelent\u0151s kedvezm\u00e9nyekkel a k\u00edn\u00e1lta az \u00e9ves el\u0151fizet\u00e9st azoknak a felhaszn\u00e1l\u00f3knak akik rendelkeztek megfelel\u0151, kor\u00e1bbi Adobe szoftverekkel.<\/p>\n<p>A <a href=\"http:\/\/www.designshop.hu\/adobe\/adobe-creative-cloud.php\">Creative Cloud<\/a> teljes csomagra t\u00f6rt\u00e9n\u0151 el\u0151fizet\u00e9shez\u00a0Creative Suite 3, 4, 5, 5.5, vagy 6 csomag &#8211; Single App (pl. Photoshop CC) el\u0151fizet\u00e9shez a szoftver CS3, CS4,\u00a0CS5, CS5.5 vagy CS6 verzi\u00f3j\u00e1nak megl\u00e9te volt sz\u00fcks\u00e9ges. Egyes prom\u00f3ci\u00f3k keret\u00e9ben az\u00a0els\u0151 vagy az els\u0151 \u00e9s m\u00e1sodik hosszabb\u00edt\u00e1sra is vonatkozott a kedvezm\u00e9nyes \u00e1r.<\/p>\n<p>Teh\u00e1t a kedvezm\u00e9ny nem korl\u00e1tlan sz\u00e1m\u00fa hosszabb\u00edt\u00e1sra \u00e9rv\u00e9nyes, a prom\u00f3ci\u00f3ban meghirdetett id\u0151szak ut\u00e1n teljes \u00e1ron folytathat\u00f3 az el\u0151fizet\u00e9s! Az Adobe pontosan vezeti, hogy milyen prom\u00f3ci\u00f3 keret\u00e9ben fizett\u00e9l el\u0151 \u00e9s meddig veheted ig\u00e9nybe a kedvezm\u00e9nyes \u00e1rat.<\/p>\n<p>Prom\u00f3ci\u00f3s id\u0151szakok \u00e9s kedvezm\u00e9nyek:<\/p>\n<hr \/>\n<ul>\n<li><strong>2013.05.06<\/strong>\u00a0&#8211;\u00a0<strong>2014.05.30\u00a0<\/strong>&gt; Creative Cloud <strong>-40%<\/strong>, Single App <strong>-33%<\/strong> kedvezm\u00e9ny az els\u0151 \u00e9vre \u00e9s 1 hosszabb\u00edt\u00e1sra &gt; <a href=\"http:\/\/www.designshop.hu\/blog\/adobe-creative-cloud-elofizetes-40-kedvezmennyel\/\">akci\u00f3 r\u00e9szletei<\/a><\/li>\n<\/ul>\n<ul>\n<li><strong>2014.06.01 <\/strong>&#8211; <strong>2015.11.28<\/strong>\u00a0&gt; Creative Cloud <strong>-28%<\/strong>, Single App <strong>-33%<\/strong> kedvezm\u00e9ny az els\u0151 \u00e9vre \u00e9s 1 hosszabb\u00edt\u00e1sra &gt; akci\u00f3 r\u00e9szletei<\/li>\n<\/ul>\n<p>Ezen az id\u0151szakon bel\u00fcl 3 olyan vill\u00e1m-akci\u00f3 volt, ahol a kedvezm\u00e9nyt nem 1 hanem 2 hosszabb\u00edt\u00e1sra adta meg az Adobe &#8211; teh\u00e1t \u00f6sszesen 3 \u00e9vre:<br \/>\n2014.07.21 &#8211; 2014.08.29 &gt; <a href=\"http:\/\/www.designshop.hu\/blog\/adobe-creative-cloud-elofizetes-25-kedvezmennyel-3-evig\/\">akci\u00f3 r\u00e9szletei<\/a><br \/>\n2015.06.22 &#8211; 2015.08.28 &gt; <a href=\"http:\/\/www.designshop.hu\/blog\/adobe-creative-cloud-elofizetes-3-evre\/\">akci\u00f3 r\u00e9szletei<\/a><br \/>\n2015.09.14 &#8211; 2015.11.27 &gt; <a href=\"http:\/\/www.designshop.hu\/blog\/creative-cloud-elofizetes-2833-kedvezmennyel-3-evig\/\">akci\u00f3 r\u00e9szletei<\/a><\/p>\n<ul>\n<li><strong>2016.01.18 <\/strong>&#8211; <strong>2016.03.04<\/strong>\u00a0&gt; Creative Cloud <strong>-28%<\/strong>, Single App<strong>\u00a0-33%<\/strong><br \/>\nkedvezm\u00e9ny az els\u0151 \u00e9vre &gt; <a href=\"http:\/\/www.designshop.hu\/blog\/adobe-creative-cloud-aramelkedes-es-promo\/\">akci\u00f3 r\u00e9szletei<\/a><\/li>\n<li><strong>2016.05.23\u00a0<\/strong>&#8211; <strong>2016.06.03<\/strong>\u00a0&gt; Creative Cloud <strong>-28%<\/strong>, Single App<strong>\u00a0-33%<\/strong><br \/>\nkedvezm\u00e9ny az els\u0151 \u00e9vre &gt; <a href=\"http:\/\/www.designshop.hu\/blog\/adobe-creative-cloud-28-33-kedvezmennyel-2016-junius-3-ig\/\">akci\u00f3 r\u00e9szletei<\/a><\/li>\n<li><strong>2016.06.30\u00a0<\/strong>&#8211; <strong>2016.09.02<\/strong>\u00a0&gt; Creative Cloud <strong>-28%<\/strong>, Single App<strong>\u00a0-33%<\/strong><br \/>\nkedvezm\u00e9ny az els\u0151 \u00e9vre &gt; <a href=\"http:\/\/www.designshop.hu\/blog\/adobe-creative-cloud-nyari-promocio-20-33-kedvezmeny\/\">akci\u00f3 r\u00e9szletei<\/a><\/li>\n<li><strong>2016.10.03\u00a0<\/strong>&#8211; <strong>2016.12.02<\/strong>\u00a0&gt; Creative Cloud <strong>-28%<\/strong>, Single App<strong>\u00a0-33%<\/strong><br \/>\nkedvezm\u00e9ny az els\u0151 \u00e9vre &gt; <a href=\"http:\/\/www.designshop.hu\/blog\/adobe-szoftverek-28-33-kedvezmennyel-2016-december-2-ig\/\">akci\u00f3 r\u00e9szletei<\/a><\/li>\n<li><strong>2017.01.30 \u2013 2017.03.03<\/strong> &gt;\u00a0Creative Cloud <strong>-28%<\/strong>, Single App<strong>\u00a0-33%<br \/>\n<\/strong>kedvezm\u00e9ny az els\u0151 \u00e9vre &gt; <a href=\"http:\/\/www.designshop.hu\/blog\/creative-cloud-promocio-201701\/\">akci\u00f3 r\u00e9szletei<\/a><strong><br \/>\n<\/strong><\/li>\n<\/ul>\n<hr \/>\n<p>Az el\u0151fizet\u00e9s \u00e9vfordul\u00f3ja el\u0151tt 1 h\u00f3nappal kik\u00fcld\u00f6tt email \u00e9rtes\u00edt\u0151ben jelezz\u00fck, hogy \u00fcgyfeleink jogosultak-e a kedvezm\u00e9nyes hosszabb\u00edt\u00e1sra.<\/p>\n","protected":false},"excerpt":{"rendered":"<p>Visszatekint\u00fcnk az elm\u00falt \u00e9vekben meghirdetett Adobe Creative Cloud Complete\/All Apps \u00e9s Single App prom\u00f3ci\u00f3k r\u00e9szleteire, felt\u00e9teleire&#8230;<\/p>\n","protected":false},"author":1,"featured_media":2848,"comment_status":"closed","ping_status":"closed","sticky":false,"template":"","format":"standard","meta":{"footnotes":""},"categories":[160],"tags":[],"class_list":["post-1496","post","type-post","status-publish","format-standard","has-post-thumbnail","hentry","category-ugyfeleinknek","gyarto-adobe","szoftver-creative-cloud","egyeb-all-apps","egyeb-migration","egyeb-promo","egyeb-single-app"],"views":2251,"_links":{"self":[{"href":"https:\/\/designshop.hu\/blog\/wp-json\/wp\/v2\/posts\/1496","targetHints":{"allow":["GET"]}}],"collection":[{"href":"https:\/\/designshop.hu\/blog\/wp-json\/wp\/v2\/posts"}],"about":[{"href":"https:\/\/designshop.hu\/blog\/wp-json\/wp\/v2\/types\/post"}],"author":[{"embeddable":true,"href":"https:\/\/designshop.hu\/blog\/wp-json\/wp\/v2\/users\/1"}],"replies":[{"embeddable":true,"href":"https:\/\/designshop.hu\/blog\/wp-json\/wp\/v2\/comments?post=1496"}],"version-history":[{"count":21,"href":"https:\/\/designshop.hu\/blog\/wp-json\/wp\/v2\/posts\/1496\/revisions"}],"predecessor-version":[{"id":1615,"href":"https:\/\/designshop.hu\/blog\/wp-json\/wp\/v2\/posts\/1496\/revisions\/1615"}],"wp:featuredmedia":[{"embeddable":true,"href":"https:\/\/designshop.hu\/blog\/wp-json\/wp\/v2\/media\/2848"}],"wp:attachment":[{"href":"https:\/\/designshop.hu\/blog\/wp-json\/wp\/v2\/media?parent=1496"}],"wp:term":[{"taxonomy":"category","embeddable":true,"href":"https:\/\/designshop.hu\/blog\/wp-json\/wp\/v2\/categories?post=1496"},{"taxonomy":"post_tag","embeddable":true,"href":"https:\/\/designshop.hu\/blog\/wp-json\/wp\/v2\/tags?post=1496"}],"curies":[{"name":"wp","href":"https:\/\/api.w.org\/{rel}","templated":true}]}}