{"id":1515,"date":"2013-05-06T11:36:21","date_gmt":"2013-05-06T10:36:21","guid":{"rendered":"http:\/\/www.designshop.hu\/blog\/?p=1515"},"modified":"2016-05-13T12:49:15","modified_gmt":"2016-05-13T11:49:15","slug":"adobe-creative-cloud-elofizetes-40-kedvezmennyel","status":"publish","type":"post","link":"https:\/\/designshop.hu\/blog\/adobe-creative-cloud-elofizetes-40-kedvezmennyel\/","title":{"rendered":"Adobe Creative Cloud el\u0151fizet\u00e9s 40% kedvezm\u00e9nnyel"},"content":{"rendered":"<p>A Creative Suite felhaszn\u00e1l\u00f3k 40% kedvezm\u00e9nnyel v\u00e1lthatnak az\u00a0<a href=\"http:\/\/www.designshop.hu\/adobe\/adobe-creative-cloud.php\">Adobe Creative Cloud<\/a>\u00a0\u00e9ves el\u0151fizet\u00e9sre\u00a0\u00e9s a prom\u00f3ci\u00f3 \u00e9rtelm\u00e9ben a k\u00f6vetkez\u0151 \u00e9ves hosszabb\u00edt\u00e1sn\u00e1l is \u00e9rv\u00e9nyes\u00edtj\u00fck a kedvezm\u00e9nyt. <!--more--><\/p>\n<p>Megrendel\u00e9skor term\u00e9szetesen csak az els\u0151 \u00e9ves d\u00edjat kell kifizetned, majd az 1 \u00e9v m\u00falva esed\u00e9kes el\u0151fizet\u00e9s meg\u00faj\u00edt\u00e1sn\u00e1l is levonjuk a 40% kedvezm\u00e9nyt.<\/p>\n<p>A \u201cMigration Grand Gesture PROMO\u201d kedvezm\u00e9nyt a kor\u00e1bbi Adobe Creative Suite 3, 4, 5, 5.5, 6 csomagokkal rendelkez\u0151 felhaszn\u00e1l\u00f3k vehetik ig\u00e9nybe. (A kor\u00e1bbi szoftver megl\u00e9t\u00e9t nem sz\u00fcks\u00e9ges igazolni nek\u00fcnk, azonban az Adobe fenntartja a jogot annak ellen\u0151rz\u00e9s\u00e9re).<\/p>\n<p><a href=\"http:\/\/www.designshop.hu\/adobe\/adobe-creative-cloud.php\">Creative Cloud<\/a>\u00a0term\u00e9koldal. Tov\u00e1bbi inform\u00e1ci\u00f3k a <a href=\"http:\/\/www.designshop.hu\/info\/adobe_creative_cloud.php\">Creative Cloud<\/a>-r\u00f3l inform\u00e1ci\u00f3s oldalunkon.<\/p>\n<p>Akci\u00f3s id\u0151szak:\u00a02013.05.06 \u2013 visszavon\u00e1sig<\/p>\n<hr \/>\n<p>Kieg\u00e9sz\u00edt\u00e1s: \u00a0Adobe 2013 Augustus 1-t\u0151l bevezette az 1 szoftveres (Single App) \u00e9ves el\u0151fizet\u00e9st &#8211; azoknak kedvez akik csak 1-2 Adobe szoftvert haszn\u00e1lnak. A Single App-okra 33% kedvezm\u00e9nnyel fizethetsz el\u0151 ha rendelkezel a szoftver valamelyik el\u0151z\u0151 verzi\u00f3j\u00e1val: CS3, Cs4, Cs5, CS5.5 vagy CS6.<\/p>\n<p>Akci\u00f3s id\u0151szak Single App:\u00a02013.08.01 \u2013 visszavon\u00e1sig<\/p>\n","protected":false},"excerpt":{"rendered":"<p>A Creative Suite felhaszn\u00e1l\u00f3k 40% kedvezm\u00e9nnyel v\u00e1lthatnak az\u00a0Adobe Creative Cloud\u00a0\u00e9ves el\u0151fizet\u00e9sre\u00a0\u00e9s a prom\u00f3ci\u00f3 \u00e9rtelm\u00e9ben a k\u00f6vetkez\u0151 \u00e9ves hosszabb\u00edt\u00e1sn\u00e1l is \u00e9rv\u00e9nyes\u00edtj\u00fck a kedvezm\u00e9nyt.<\/p>\n","protected":false},"author":1,"featured_media":0,"comment_status":"closed","ping_status":"closed","sticky":false,"template":"","format":"standard","meta":{"footnotes":""},"categories":[1],"tags":[],"class_list":["post-1515","post","type-post","status-publish","format-standard","hentry","category-altalanos","gyarto-adobe","szoftver-creative-cloud"],"views":2106,"_links":{"self":[{"href":"https:\/\/designshop.hu\/blog\/wp-json\/wp\/v2\/posts\/1515","targetHints":{"allow":["GET"]}}],"collection":[{"href":"https:\/\/designshop.hu\/blog\/wp-json\/wp\/v2\/posts"}],"about":[{"href":"https:\/\/designshop.hu\/blog\/wp-json\/wp\/v2\/types\/post"}],"author":[{"embeddable":true,"href":"https:\/\/designshop.hu\/blog\/wp-json\/wp\/v2\/users\/1"}],"replies":[{"embeddable":true,"href":"https:\/\/designshop.hu\/blog\/wp-json\/wp\/v2\/comments?post=1515"}],"version-history":[{"count":1,"href":"https:\/\/designshop.hu\/blog\/wp-json\/wp\/v2\/posts\/1515\/revisions"}],"predecessor-version":[{"id":1516,"href":"https:\/\/designshop.hu\/blog\/wp-json\/wp\/v2\/posts\/1515\/revisions\/1516"}],"wp:attachment":[{"href":"https:\/\/designshop.hu\/blog\/wp-json\/wp\/v2\/media?parent=1515"}],"wp:term":[{"taxonomy":"category","embeddable":true,"href":"https:\/\/designshop.hu\/blog\/wp-json\/wp\/v2\/categories?post=1515"},{"taxonomy":"post_tag","embeddable":true,"href":"https:\/\/designshop.hu\/blog\/wp-json\/wp\/v2\/tags?post=1515"}],"curies":[{"name":"wp","href":"https:\/\/api.w.org\/{rel}","templated":true}]}}