{"id":1530,"date":"2016-06-29T09:51:37","date_gmt":"2016-06-29T08:51:37","guid":{"rendered":"http:\/\/www.designshop.hu\/blog\/?p=1530"},"modified":"2016-10-04T12:26:56","modified_gmt":"2016-10-04T11:26:56","slug":"adobe-creative-cloud-nyari-promocio-20-33-kedvezmeny","status":"publish","type":"post","link":"https:\/\/designshop.hu\/blog\/adobe-creative-cloud-nyari-promocio-20-33-kedvezmeny\/","title":{"rendered":"<del>Adobe Creative Cloud ny\u00e1ri prom\u00f3ci\u00f3, 20-33% kedvezm\u00e9ny<\/del>"},"content":{"rendered":"<p>A ny\u00e1ri Adobe akci\u00f3\u00a0keret\u00e9ben a\u00a0<a href=\"http:\/\/www.designshop.hu\/adobe\/adobe-creative-cloud.php\">Creative Cloud<\/a> csomagra 28%, a Creative Cloud + Stock csomagra 20%, a Single App-okra pedig 33% kedvezm\u00e9nnyel fizethetsz el\u0151. \u00a0<!--more--><\/p>\n<p>TIPP! Az akci\u00f3s \u00e1r a hosszabb\u00edt\u00e1sra nem \u00e9rv\u00e9nyes. Lehet\u0151s\u00e9g van azonban ak\u00e1r 2 vagy 3 \u00e9vre is el\u0151fizetni, a kedvezm\u00e9nyes \u00e1rat t\u00f6bb \u00e9vre bebiztos\u00edthatod!<\/p>\n<p>FELT\u00c9TEL! A kor\u00e1bbi CS5, CS5.5, vagy CS6 verzi\u00f3 sorozatsz\u00e1m\u00e1t a megrendel\u00e9shez mell\u00e9kelni kell &#8211; melyek el\u0151z\u0151\u00a0prom\u00f3ci\u00f3kban nem lettek felhaszn\u00e1lva.<\/p>\n<ul>\n<li><a href=\"http:\/\/www.designshop.hu\/adobe\/adobe-creative-cloud.php\">Adobe Creative Cloud All Apps<\/a>\u00a0-28%<\/li>\n<li><a href=\"http:\/\/www.designshop.hu\/adobe\/adobe-creative-cloud-stock.php\">Adobe Creative Cloud All Apps + Stock<\/a>\u00a0-20%<\/li>\n<li><a href=\"http:\/\/www.designshop.hu\/adobe\/adobe-aftereffects.php\">Adobe After Effects CC<\/a>\u00a0-33%<\/li>\n<li><a href=\"http:\/\/www.designshop.hu\/adobe\/adobe-audition.php\">Adobe Audition CC<\/a>\u00a0\u00a0-33%<\/li>\n<li><a href=\"http:\/\/www.designshop.hu\/adobe\/adobe-dreamweaver.php\">Adobe Dreamweaver CC<\/a>\u00a0\u00a0-33%<\/li>\n<li><a href=\"http:\/\/www.designshop.hu\/adobe\/adobe-flash.php\">Adobe Animate CC<\/a>\u00a0\u00a0-33%<\/li>\n<li><a href=\"http:\/\/www.designshop.hu\/adobe\/adobe-illustrator.php\">Adobe Illustrator CC<\/a>\u00a0\u00a0-33%<\/li>\n<li><a href=\"http:\/\/www.designshop.hu\/adobe\/adobe-indesign.php\">Adobe InDesign CC<\/a>\u00a0\u00a0-33%<\/li>\n<li><a href=\"http:\/\/www.designshop.hu\/adobe\/adobe-muse.php\">Adobe Muse CC<\/a>\u00a0\u00a0-33%<\/li>\n<li><a href=\"http:\/\/www.designshop.hu\/adobe\/adobe-photoshop.php\">Adobe Photoshop CC<\/a>\u00a0\u00a0-33%<\/li>\n<li><a href=\"http:\/\/www.designshop.hu\/adobe\/adobe-premiere.php\">Adobe Premiere CC<\/a>\u00a0\u00a0-33%<\/li>\n<\/ul>\n<p>Akci\u00f3s id\u0151szak: 2016.06.30 &#8211; 2016.09.02<\/p>\n","protected":false},"excerpt":{"rendered":"<p>A ny\u00e1ri Adobe akci\u00f3\u00a0keret\u00e9ben a\u00a0Creative Cloud csomagra 28%, a Creative Cloud + Stock csomagra 20%, a Single App-okra pedig 33% kedvezm\u00e9nnyel fizethetsz el\u0151. \u00a0<\/p>\n","protected":false},"author":1,"featured_media":0,"comment_status":"closed","ping_status":"closed","sticky":false,"template":"","format":"standard","meta":{"footnotes":""},"categories":[42],"tags":[],"class_list":["post-1530","post","type-post","status-publish","format-standard","hentry","category-akciok-lejart","gyarto-adobe","szoftver-creative-cloud"],"views":2597,"_links":{"self":[{"href":"https:\/\/designshop.hu\/blog\/wp-json\/wp\/v2\/posts\/1530","targetHints":{"allow":["GET"]}}],"collection":[{"href":"https:\/\/designshop.hu\/blog\/wp-json\/wp\/v2\/posts"}],"about":[{"href":"https:\/\/designshop.hu\/blog\/wp-json\/wp\/v2\/types\/post"}],"author":[{"embeddable":true,"href":"https:\/\/designshop.hu\/blog\/wp-json\/wp\/v2\/users\/1"}],"replies":[{"embeddable":true,"href":"https:\/\/designshop.hu\/blog\/wp-json\/wp\/v2\/comments?post=1530"}],"version-history":[{"count":5,"href":"https:\/\/designshop.hu\/blog\/wp-json\/wp\/v2\/posts\/1530\/revisions"}],"predecessor-version":[{"id":1566,"href":"https:\/\/designshop.hu\/blog\/wp-json\/wp\/v2\/posts\/1530\/revisions\/1566"}],"wp:attachment":[{"href":"https:\/\/designshop.hu\/blog\/wp-json\/wp\/v2\/media?parent=1530"}],"wp:term":[{"taxonomy":"category","embeddable":true,"href":"https:\/\/designshop.hu\/blog\/wp-json\/wp\/v2\/categories?post=1530"},{"taxonomy":"post_tag","embeddable":true,"href":"https:\/\/designshop.hu\/blog\/wp-json\/wp\/v2\/tags?post=1530"}],"curies":[{"name":"wp","href":"https:\/\/api.w.org\/{rel}","templated":true}]}}