{"id":1649,"date":"2017-04-11T23:28:35","date_gmt":"2017-04-11T22:28:35","guid":{"rendered":"http:\/\/www.designshop.hu\/blog\/?p=1649"},"modified":"2020-08-15T18:40:03","modified_gmt":"2020-08-15T17:40:03","slug":"megjelent-a-coreldraw-graphics-suite-2017","status":"publish","type":"post","link":"https:\/\/designshop.hu\/blog\/megjelent-a-coreldraw-graphics-suite-2017\/","title":{"rendered":"Megjelent a CorelDRAW Graphics Suite 2017"},"content":{"rendered":"<p>Az X8-as verzi\u00f3 megjelen\u00e9se \u00f3ta mind\u00f6ssze 13 h\u00f3napot kellett v\u00e1rni a CorelDRAW Graphics Suite 2017-re, ami jelzi, hogy a kor\u00e1bban megszokott 2 \u00e9ves ciklus helyett \u00e9vente fog friss\u00fclni a szoftvercsomag&#8230;<!--more--><\/p>\n<p>Az CorelDRAW GS \u00e9ves el\u0151fizet\u00e9ssel rendelkez\u0151 \u00fcgyfelek a Corel fi\u00f3kjukb\u00f3l d\u00edjmentesen let\u00f6lthetik a CorelDRAW Graphics Suite\u00a0telep\u00edt\u0151csomagot \u00a0&#8211; a kedvez\u0151 \u00e1r\u00fa \u00e9ves el\u0151fizet\u00e9s tartalmazza az id\u0151szak alatt megjelen\u0151 \u00faj verzi\u00f3kat.<\/p>\n<p>\u00d6r\u00f6k\u00f6s konstrukci\u00f3 eset\u00e9n, b\u00e1rmelyik kor\u00e1bbi CorelDRAW GS verzi\u00f3 megfelel\u0151 upgrade alapot k\u00e9pez a 2017-es verzi\u00f3hoz (az upgrade \u00e1rat keresd term\u00e9koldalunkon).<\/p>\n<p>\u00dcgyfeleinknek tov\u00e1bbra is az \u00e9ves el\u0151fizet\u00e9st javasoljuk, mert sz\u00e1mos el\u0151nye mellett az \u00e1rfekv\u00e9se is megfelel\u0151. (Az \u00f6r\u00f6k\u00f6s licenc csak akkor \u00e9ri meg, ha t\u00f6bb mint 3 \u00e9vig haszn\u00e1ljuk az adott verzi\u00f3t &#8211; ami a felgyorsult megjelen\u00e9si ciklus \u00e9s az opr\u00e1ci\u00f3s rendszerek gyorsabb fejl\u0151d\u00e9se miatt is val\u00f3sz\u00edn\u0171tlen.)<\/p>\n<p>A legfontosabb \u00fajdons\u00e1gokat \u00e1ttekint\u0151 vide\u00f3:<\/p>\n<p><iframe loading=\"lazy\" src=\"https:\/\/www.youtube.com\/embed\/9PXDeHNWIf4?rel=0\" width=\"590\" height=\"332\" frameborder=\"0\" allowfullscreen=\"allowfullscreen\"><\/iframe><\/p>\n<p>Term\u00e9koldalunk, aktu\u00e1lis \u00e1rak \u00e9s megrendel\u00e9s:<br \/>\n<a href=\"https:\/\/www.designshop.hu\/corel\/corel-drawgraphicsuite.php\">CorelDRAW Graphics Suite<\/a><\/p>\n","protected":false},"excerpt":{"rendered":"<p>Az X8-as verzi\u00f3 megjelen\u00e9se \u00f3ta mind\u00f6ssze 13 h\u00f3napot kellett v\u00e1rni a CorelDRAW Graphics Suite 2017-re, ami jelzi, hogy a kor\u00e1bban megszokott 2 \u00e9ves ciklus helyett \u00e9vente fog friss\u00fclni a szoftvercsomag&#8230;<\/p>\n","protected":false},"author":1,"featured_media":3150,"comment_status":"closed","ping_status":"closed","sticky":false,"template":"","format":"standard","meta":{"footnotes":""},"categories":[77],"tags":[],"class_list":["post-1649","post","type-post","status-publish","format-standard","has-post-thumbnail","hentry","category-ujdonsagok","gyarto-corel","szoftver-coreldraw","verzio-174","szakag-kepszerkesztes","szakag-kiadvanyszerkesztes"],"views":2827,"_links":{"self":[{"href":"https:\/\/designshop.hu\/blog\/wp-json\/wp\/v2\/posts\/1649","targetHints":{"allow":["GET"]}}],"collection":[{"href":"https:\/\/designshop.hu\/blog\/wp-json\/wp\/v2\/posts"}],"about":[{"href":"https:\/\/designshop.hu\/blog\/wp-json\/wp\/v2\/types\/post"}],"author":[{"embeddable":true,"href":"https:\/\/designshop.hu\/blog\/wp-json\/wp\/v2\/users\/1"}],"replies":[{"embeddable":true,"href":"https:\/\/designshop.hu\/blog\/wp-json\/wp\/v2\/comments?post=1649"}],"version-history":[{"count":11,"href":"https:\/\/designshop.hu\/blog\/wp-json\/wp\/v2\/posts\/1649\/revisions"}],"predecessor-version":[{"id":3152,"href":"https:\/\/designshop.hu\/blog\/wp-json\/wp\/v2\/posts\/1649\/revisions\/3152"}],"wp:featuredmedia":[{"embeddable":true,"href":"https:\/\/designshop.hu\/blog\/wp-json\/wp\/v2\/media\/3150"}],"wp:attachment":[{"href":"https:\/\/designshop.hu\/blog\/wp-json\/wp\/v2\/media?parent=1649"}],"wp:term":[{"taxonomy":"category","embeddable":true,"href":"https:\/\/designshop.hu\/blog\/wp-json\/wp\/v2\/categories?post=1649"},{"taxonomy":"post_tag","embeddable":true,"href":"https:\/\/designshop.hu\/blog\/wp-json\/wp\/v2\/tags?post=1649"}],"curies":[{"name":"wp","href":"https:\/\/api.w.org\/{rel}","templated":true}]}}