{"id":1781,"date":"2017-10-22T11:48:32","date_gmt":"2017-10-22T10:48:32","guid":{"rendered":"http:\/\/www.designshop.hu\/blog\/?p=1781"},"modified":"2020-08-15T17:22:42","modified_gmt":"2020-08-15T16:22:42","slug":"adobe-dimension-cc","status":"publish","type":"post","link":"https:\/\/designshop.hu\/blog\/adobe-dimension-cc\/","title":{"rendered":"Megjelent az Adobe Dimension 3D tervez\u0151szoftver"},"content":{"rendered":"<p>Az <a href=\"https:\/\/www.designshop.hu\/adobe\/adobe-dimension.php\">Adobe Dimension <\/a>\u00a0kiv\u00e1l\u00f3 vizu\u00e1lis min\u0151s\u00e9g mellett egyszer\u0171 haszn\u00e1latot biztos\u00edt 3D tervez\u00e9sben kev\u00e9sb\u00e9 j\u00e1rtas grafikosoknak is.\u00a0 K\u00f6nnyed\u00e9n tervezhet\u00fcnk pl csomagol\u00e1s vagy term\u00e9kdiz\u00e1jnt&#8230;<!--more--><\/p>\n<p><a href=\"https:\/\/www.designshop.hu\/adobe\/adobe-photoshop.php\">Photoshop<\/a>-ban vagy <a href=\"https:\/\/www.designshop.hu\/adobe\/adobe-illustrator.php\">Illustrator<\/a>-ban megrajzolt 2D grafik\u00e1kat egyszer\u0171en import\u00e1lhatjuk \u00e9s 3D objektumokra illeszthetj\u00fck, fot\u00f3realisztikusan bemutatva a term\u00e9kek v\u00e1rhat\u00f3 kin\u00e9zet\u00e9t.<\/p>\n<p><iframe loading=\"lazy\" src=\"https:\/\/www.youtube.com\/embed\/ML0i68H-Xos?rel=0\" width=\"590\" height=\"332\" frameborder=\"0\" allowfullscreen=\"allowfullscreen\"><\/iframe><\/p>\n<p><iframe loading=\"lazy\" src=\"https:\/\/www.youtube.com\/embed\/DHeOapHexbE?rel=0\" width=\"590\" height=\"332\" frameborder=\"0\" allowfullscreen=\"allowfullscreen\"><\/iframe><\/p>\n<p>A szoftver V-ray technol\u00f3gi\u00e1t haszn\u00e1l a fot\u00f3realisztikus renderel\u00e9shez. Az <a href=\"https:\/\/www.designshop.hu\/adobe\/adobe-stock.php\">Adobe Stock<\/a>-on m\u00e1r most is t\u00f6bbezer, Dimension-re optimaliz\u00e1lt 3D modell, text\u00fara k\u00f6z\u00fcl v\u00e1logathatunk.<\/p>\n<p>Az Adobe <a href=\"https:\/\/www.designshop.hu\/adobe\/adobe-dimension.php\">Dimension CC<\/a> el\u00e9rhet\u0151 Single App-k\u00e9nt, vagy a <a href=\"https:\/\/www.designshop.hu\/adobe\/adobe-creative-cloud.php\">Creative Cloud All Apps<\/a> csomagban.<\/p>\n<p>Megj.: A szoftver Project Felix-k\u00e9nt volt ismert b\u00e9ta v\u00e1ltozatban.<\/p>\n","protected":false},"excerpt":{"rendered":"<p>Az Adobe Dimension \u00a0kiv\u00e1l\u00f3 vizu\u00e1lis min\u0151s\u00e9g mellett egyszer\u0171 haszn\u00e1latot biztos\u00edt 3D tervez\u00e9sben kev\u00e9sb\u00e9 j\u00e1rtas grafikosoknak is.\u00a0 K\u00f6nnyed\u00e9n tervezhet\u00fcnk pl csomagol\u00e1s vagy term\u00e9kdiz\u00e1jnt&#8230;<\/p>\n","protected":false},"author":1,"featured_media":3134,"comment_status":"open","ping_status":"closed","sticky":false,"template":"","format":"standard","meta":{"footnotes":""},"categories":[77],"tags":[],"class_list":["post-1781","post","type-post","status-publish","format-standard","has-post-thumbnail","hentry","category-ujdonsagok","gyarto-adobe","szoftver-dimension","verzio-cc","szakag-3d"],"views":1469,"_links":{"self":[{"href":"https:\/\/designshop.hu\/blog\/wp-json\/wp\/v2\/posts\/1781","targetHints":{"allow":["GET"]}}],"collection":[{"href":"https:\/\/designshop.hu\/blog\/wp-json\/wp\/v2\/posts"}],"about":[{"href":"https:\/\/designshop.hu\/blog\/wp-json\/wp\/v2\/types\/post"}],"author":[{"embeddable":true,"href":"https:\/\/designshop.hu\/blog\/wp-json\/wp\/v2\/users\/1"}],"replies":[{"embeddable":true,"href":"https:\/\/designshop.hu\/blog\/wp-json\/wp\/v2\/comments?post=1781"}],"version-history":[{"count":13,"href":"https:\/\/designshop.hu\/blog\/wp-json\/wp\/v2\/posts\/1781\/revisions"}],"predecessor-version":[{"id":3139,"href":"https:\/\/designshop.hu\/blog\/wp-json\/wp\/v2\/posts\/1781\/revisions\/3139"}],"wp:featuredmedia":[{"embeddable":true,"href":"https:\/\/designshop.hu\/blog\/wp-json\/wp\/v2\/media\/3134"}],"wp:attachment":[{"href":"https:\/\/designshop.hu\/blog\/wp-json\/wp\/v2\/media?parent=1781"}],"wp:term":[{"taxonomy":"category","embeddable":true,"href":"https:\/\/designshop.hu\/blog\/wp-json\/wp\/v2\/categories?post=1781"},{"taxonomy":"post_tag","embeddable":true,"href":"https:\/\/designshop.hu\/blog\/wp-json\/wp\/v2\/tags?post=1781"}],"curies":[{"name":"wp","href":"https:\/\/api.w.org\/{rel}","templated":true}]}}