{"id":1856,"date":"2018-04-10T13:18:59","date_gmt":"2018-04-10T12:18:59","guid":{"rendered":"http:\/\/www.designshop.hu\/blog\/?p=1856"},"modified":"2020-05-26T22:28:37","modified_gmt":"2020-05-26T21:28:37","slug":"megjelent-a-coreldraw-graphics-suite-2018","status":"publish","type":"post","link":"https:\/\/designshop.hu\/blog\/megjelent-a-coreldraw-graphics-suite-2018\/","title":{"rendered":"Megjelent a CorelDRAW Graphics Suite 2018"},"content":{"rendered":"<p>A kor\u00e1bbi 2 \u00e9ves ciklus helyett \u00e9vente jelenik meg \u00faj CorelDRAW Graphics Suite verzi\u00f3, b\u00edzunk benne hogy a fejleszt\u0151knek ez\u00fattal is siker\u00fclt olyan funkci\u00f3kkal b\u0151v\u00edteni, melyek indokolj\u00e1k a v\u00e1lt\u00e1st&#8230;<!--more--><\/p>\n<p>Az CorelDRAW Graphics Suite el\u0151fizet\u00e9ssel rendelkez\u0151 \u00fcgyfelek a Corel fi\u00f3kjukb\u00f3l d\u00edjmentesen let\u00f6lthetik a <a href=\"https:\/\/www.designshop.hu\/corel\/corel-drawgraphicsuite.php\">CorelDRAW Graphics Suite 2018<\/a>-as telep\u00edt\u0151csomagot (az \u00e9ves el\u0151fizet\u00e9si d\u00edj mag\u00e1ba foglalja az id\u0151szak alatt megjelen\u0151 \u00faj verzi\u00f3kat is).<\/p>\n<p>\u00d6r\u00f6k\u00f6s konstrukci\u00f3 eset\u00e9n, b\u00e1rmelyik kor\u00e1bbi CorelDRAW Graphics Suite\u00a0 verzi\u00f3 megfelel\u0151 upgrade alapot k\u00e9pez a 2018-as verzi\u00f3hoz (az upgrade \u00e1rat keresd <a href=\"https:\/\/www.designshop.hu\/corel\/corel-drawgraphicsuite.php\">term\u00e9koldalunkon<\/a>).<\/p>\n<p>TIPP! \u00dcgyfeleinknek tov\u00e1bbra is az \u00e9ves el\u0151fizet\u00e9st javasoljuk, mert sz\u00e1mos el\u0151nye mellett az \u00e1rfekv\u00e9se is nagyon kedvez\u0151. Az \u00f6r\u00f6k\u00f6s CorelDRAW Graphics Suite licenc csak akkor \u00e9ri meg, ha t\u00f6bb mint 3 \u00e9vig haszn\u00e1ljuk az adott verzi\u00f3t &#8211; ami a felgyorsult fejleszt\u00e9si ciklus \u00e9s az opr\u00e1ci\u00f3s rendszerek gyors fejl\u0151d\u00e9se miatt is val\u00f3sz\u00edn\u0171tlen.<\/p>\n<p>Megj.: A CorelDRAW Graphics Suite 2018 \u00e9ves el\u0151fizet\u00e9s d\u00edja v\u00e1ltozatlan maradt, az \u00f6r\u00f6k\u00f6s licenc \u00e1rak viszont emelkedtek!<\/p>\n<p>A legfontosabb \u00fajdons\u00e1gokat \u00e1ttekint\u0151 vide\u00f3:<\/p>\n<p><iframe loading=\"lazy\" src=\"https:\/\/www.youtube.com\/embed\/Up_2sjU4GfU?rel=0\" width=\"590\" height=\"332\" frameborder=\"0\" allowfullscreen=\"allowfullscreen\" data-mce-fragment=\"1\"><\/iframe><\/p>\n<p>Term\u00e9koldalunk, aktu\u00e1lis \u00e1rak \u00e9s megrendel\u00e9s:<br \/>\n<a href=\"https:\/\/www.designshop.hu\/corel\/corel-drawgraphicsuite.php\">CorelDRAW Graphics Suite 2018<\/a><\/p>\n<p><img loading=\"lazy\" decoding=\"async\" class=\"alignnone size-full wp-image-1872\" src=\"http:\/\/www.designshop.hu\/blog\/wp-content\/uploads\/2018\/04\/corel_2018_coreldraw.jpg\" alt=\"\" width=\"1013\" height=\"1013\" srcset=\"https:\/\/designshop.hu\/blog\/wp-content\/uploads\/2018\/04\/corel_2018_coreldraw.jpg 1013w, https:\/\/designshop.hu\/blog\/wp-content\/uploads\/2018\/04\/corel_2018_coreldraw-150x150.jpg 150w, https:\/\/designshop.hu\/blog\/wp-content\/uploads\/2018\/04\/corel_2018_coreldraw-300x300.jpg 300w, https:\/\/designshop.hu\/blog\/wp-content\/uploads\/2018\/04\/corel_2018_coreldraw-768x768.jpg 768w\" sizes=\"auto, (max-width: 709px) 85vw, (max-width: 909px) 67vw, (max-width: 1362px) 62vw, 840px\" \/><\/p>\n<p><img loading=\"lazy\" decoding=\"async\" class=\"alignnone size-full wp-image-1873\" src=\"http:\/\/www.designshop.hu\/blog\/wp-content\/uploads\/2018\/04\/corel_2018_photopaint.jpg\" alt=\"\" width=\"1013\" height=\"1013\" srcset=\"https:\/\/designshop.hu\/blog\/wp-content\/uploads\/2018\/04\/corel_2018_photopaint.jpg 1013w, https:\/\/designshop.hu\/blog\/wp-content\/uploads\/2018\/04\/corel_2018_photopaint-150x150.jpg 150w, https:\/\/designshop.hu\/blog\/wp-content\/uploads\/2018\/04\/corel_2018_photopaint-300x300.jpg 300w, https:\/\/designshop.hu\/blog\/wp-content\/uploads\/2018\/04\/corel_2018_photopaint-768x768.jpg 768w\" sizes=\"auto, (max-width: 709px) 85vw, (max-width: 909px) 67vw, (max-width: 1362px) 62vw, 840px\" \/><\/p>\n","protected":false},"excerpt":{"rendered":"<p>A kor\u00e1bbi 2 \u00e9ves ciklus helyett \u00e9vente jelenik meg \u00faj CorelDRAW Graphics Suite verzi\u00f3, b\u00edzunk benne hogy a fejleszt\u0151knek ez\u00fattal is siker\u00fclt olyan funkci\u00f3kkal b\u0151v\u00edteni, melyek indokolj\u00e1k a v\u00e1lt\u00e1st&#8230;<\/p>\n","protected":false},"author":1,"featured_media":2940,"comment_status":"closed","ping_status":"closed","sticky":false,"template":"","format":"standard","meta":{"footnotes":""},"categories":[77],"tags":[],"class_list":["post-1856","post","type-post","status-publish","format-standard","has-post-thumbnail","hentry","category-ujdonsagok","gyarto-corel","szoftver-coreldraw","verzio-193","szakag-fotozasfotoszerkesztes","szakag-kepszerkesztes","szakag-kiadvanyszerkesztes"],"views":1412,"_links":{"self":[{"href":"https:\/\/designshop.hu\/blog\/wp-json\/wp\/v2\/posts\/1856","targetHints":{"allow":["GET"]}}],"collection":[{"href":"https:\/\/designshop.hu\/blog\/wp-json\/wp\/v2\/posts"}],"about":[{"href":"https:\/\/designshop.hu\/blog\/wp-json\/wp\/v2\/types\/post"}],"author":[{"embeddable":true,"href":"https:\/\/designshop.hu\/blog\/wp-json\/wp\/v2\/users\/1"}],"replies":[{"embeddable":true,"href":"https:\/\/designshop.hu\/blog\/wp-json\/wp\/v2\/comments?post=1856"}],"version-history":[{"count":10,"href":"https:\/\/designshop.hu\/blog\/wp-json\/wp\/v2\/posts\/1856\/revisions"}],"predecessor-version":[{"id":2939,"href":"https:\/\/designshop.hu\/blog\/wp-json\/wp\/v2\/posts\/1856\/revisions\/2939"}],"wp:featuredmedia":[{"embeddable":true,"href":"https:\/\/designshop.hu\/blog\/wp-json\/wp\/v2\/media\/2940"}],"wp:attachment":[{"href":"https:\/\/designshop.hu\/blog\/wp-json\/wp\/v2\/media?parent=1856"}],"wp:term":[{"taxonomy":"category","embeddable":true,"href":"https:\/\/designshop.hu\/blog\/wp-json\/wp\/v2\/categories?post=1856"},{"taxonomy":"post_tag","embeddable":true,"href":"https:\/\/designshop.hu\/blog\/wp-json\/wp\/v2\/tags?post=1856"}],"curies":[{"name":"wp","href":"https:\/\/api.w.org\/{rel}","templated":true}]}}