{"id":2595,"date":"2020-01-20T00:36:06","date_gmt":"2020-01-19T23:36:06","guid":{"rendered":"https:\/\/designshop.hu\/blog\/?p=2595"},"modified":"2020-05-27T13:23:18","modified_gmt":"2020-05-27T12:23:18","slug":"az-adobe-tizszeresere-novelte-a-creative-cloud-tarhelyet","status":"publish","type":"post","link":"https:\/\/designshop.hu\/blog\/az-adobe-tizszeresere-novelte-a-creative-cloud-tarhelyet\/","title":{"rendered":"Az Adobe t\u00edzszeres\u00e9re n\u00f6velte a Creative Cloud t\u00e1rhelyet, 100GB > 1TB"},"content":{"rendered":"<div class=\"text parbase section\">\n<div class=\"text\">\n<p>A <a href=\"https:\/\/designshop.hu\/adobe\/adobe-creative-cloud.php\">Creative Cloud All Apps<\/a> for Teams \u00e9s Enterprise el\u0151fizet\u0151k a kor\u00e1bbi 100GB helyett 1TB felh\u0151 t\u00e1rhelyre jogosultak felhaszn\u00e1l\u00f3nk\u00e9nt, melyet az Adobe automatikusan aktiv\u00e1l&#8230;<!--more--><\/p>\n<p>A <a href=\"https:\/\/designshop.hu\/adobe\/adobe-creative-cloud.php\">Creative Cloud<\/a> t\u00e1rhely p\u00e1ratlan lehet\u0151s\u00e9geket k\u00edn\u00e1l a kreat\u00edv csapatmunk\u00e1ra, a megosztott grafikai elemek, k\u00f6nyvt\u00e1rak, dokumentumok k\u00f6nny\u0171 kezel\u00e9s\u00e9re, szinkroniz\u00e1l\u00e1s\u00e1ra \u00e9s mivel az Adobe szoftverekb\u0151l egyszer\u0171en el\u00e9rhet\u0151 &#8211; sokkal jobb megold\u00e1s b\u00e1rmely m\u00e1s felh\u0151 alap\u00fa t\u00e1rhely szolg\u00e1latat\u00e1sn\u00e1l.\u00a0 Mindeddig a limit\u00e1lt 100 GB t\u00e1rhely miatt nem volt igaz\u00e1n n\u00e9pszer\u0171, de az 1TB felhaszn\u00e1l\u00f3nk\u00e9nt az Adobe rem\u00e9nyei szerint m\u00e1r vonz\u00f3v\u00e1 teszi. Pl. 5 db <a href=\"https:\/\/designshop.hu\/adobe\/adobe-creative-cloud.php\">Creative Cloud All Apps<\/a> el\u0151fizet\u00e9ssel rendelkez\u0151 kreat\u00edv csapat 5TB t\u00e1rhellyel dolgozhat.<\/p>\n<\/div>\n<\/div>\n<div class=\"note parbase section\">\n<div class=\"help-note\">\n<p>A t\u00e1rhely b\u0151v\u00edt\u00e9s \u00dczleti \u00e9s Korm\u00e1nyzati CC All Apps for Teams el\u0151fizet\u00e9skre vonatkozik, az oktat\u00e1si el\u0151fizet\u00e9skre illetve a Creative Cloud Individual-ra nem.<\/p>\n<p>B\u0151vebb inform\u00e1ci\u00f3:<br \/>\n<a href=\"https:\/\/helpx.adobe.com\/hu\/enterprise\/using\/storage-limit-cce-cct.html\">https:\/\/helpx.adobe.com\/hu\/enterprise\/using\/storage-limit-cce-cct.html<\/a><\/p>\n<\/div>\n<\/div>\n","protected":false},"excerpt":{"rendered":"<p>A Creative Cloud All Apps for Teams \u00e9s Enterprise el\u0151fizet\u0151k a kor\u00e1bbi 100GB helyett 1TB felh\u0151 t\u00e1rhelyre jogosultak felhaszn\u00e1l\u00f3nk\u00e9nt, melyet az Adobe automatikusan aktiv\u00e1l&#8230;<\/p>\n","protected":false},"author":1,"featured_media":2823,"comment_status":"open","ping_status":"closed","sticky":false,"template":"","format":"standard","meta":{"footnotes":""},"categories":[160],"tags":[],"class_list":["post-2595","post","type-post","status-publish","format-standard","has-post-thumbnail","hentry","category-ugyfeleinknek","gyarto-adobe","szoftver-creative-cloud"],"views":1303,"_links":{"self":[{"href":"https:\/\/designshop.hu\/blog\/wp-json\/wp\/v2\/posts\/2595","targetHints":{"allow":["GET"]}}],"collection":[{"href":"https:\/\/designshop.hu\/blog\/wp-json\/wp\/v2\/posts"}],"about":[{"href":"https:\/\/designshop.hu\/blog\/wp-json\/wp\/v2\/types\/post"}],"author":[{"embeddable":true,"href":"https:\/\/designshop.hu\/blog\/wp-json\/wp\/v2\/users\/1"}],"replies":[{"embeddable":true,"href":"https:\/\/designshop.hu\/blog\/wp-json\/wp\/v2\/comments?post=2595"}],"version-history":[{"count":9,"href":"https:\/\/designshop.hu\/blog\/wp-json\/wp\/v2\/posts\/2595\/revisions"}],"predecessor-version":[{"id":2970,"href":"https:\/\/designshop.hu\/blog\/wp-json\/wp\/v2\/posts\/2595\/revisions\/2970"}],"wp:featuredmedia":[{"embeddable":true,"href":"https:\/\/designshop.hu\/blog\/wp-json\/wp\/v2\/media\/2823"}],"wp:attachment":[{"href":"https:\/\/designshop.hu\/blog\/wp-json\/wp\/v2\/media?parent=2595"}],"wp:term":[{"taxonomy":"category","embeddable":true,"href":"https:\/\/designshop.hu\/blog\/wp-json\/wp\/v2\/categories?post=2595"},{"taxonomy":"post_tag","embeddable":true,"href":"https:\/\/designshop.hu\/blog\/wp-json\/wp\/v2\/tags?post=2595"}],"curies":[{"name":"wp","href":"https:\/\/api.w.org\/{rel}","templated":true}]}}