{"id":2633,"date":"2020-03-19T21:20:13","date_gmt":"2020-03-19T20:20:13","guid":{"rendered":"https:\/\/designshop.hu\/blog\/?p=2633"},"modified":"2020-05-27T09:42:53","modified_gmt":"2020-05-27T08:42:53","slug":"az-adobe-koronavirussal-kapcsolatos-kedvezmenyei","status":"publish","type":"post","link":"https:\/\/designshop.hu\/blog\/az-adobe-koronavirussal-kapcsolatos-kedvezmenyei\/","title":{"rendered":"Az Adobe koronav\u00edrussal kapcsolatos int\u00e9zked\u00e9sei, kedvezm\u00e9nyei"},"content":{"rendered":"<p>Shantanu Narayen, az Adobe vez\u00e9rigazgat\u00f3ja <a href=\"https:\/\/www.adobe.com\/covid-19-response\/message-from-shantanu.html\">blogbejegyz\u00e9sben<\/a> foglalta \u00f6ssze a szoftverh\u00e1z koronav\u00edrus j\u00e1rv\u00e1nnyal kapcsolatos int\u00e9zked\u00e9seit, kedvezm\u00e9nyeit&#8230;<!--more--><\/p>\n<p>A bevezet\u0151ben meger\u0151s\u00edtette, hogy az Adobe Creative Cloud, Adobe Document Cloud, Adobe Experience Cloud, \u00e9s egy\u00e9b Adobe szolg\u00e1ltat\u00e1sok el\u00e9r\u00e9se z\u00f6kken\u0151mentes marad. A felh\u0151 alap\u00fa megold\u00e1sok fel\u00fcgyelet\u00e9t \u00e9s m\u0171k\u00f6d\u00e9s\u00e9t a vil\u00e1g t\u00f6bb pontj\u00e1r\u00f3l l\u00e1tj\u00e1k el.<\/p>\n<p><strong>Megl\u00e9v\u0151 \u00dcgyfeleket, el\u0151fizet\u0151ket \u00e9rint\u0151 int\u00e9zked\u00e9sek:<\/strong><\/p>\n<ul>\n<li>A fels\u0151oktat\u00e1si int\u00e9zm\u00e9nyek \u00e9s a K-12-es iskol\u00e1k el\u00e9rhet\u0151v\u00e9 tehetik a megv\u00e1s\u00e1rolt tantermi <strong><a href=\"https:\/\/designshop.hu\/adobe\/adobe-creative-cloud.php\">Adobe Creative Cloud All Apps<\/a><\/strong> \u00e9s\u00a0 <strong><a href=\"https:\/\/designshop.hu\/adobe\/adobe-creative-cloud-k12.php\">Adobe Creative Cloud All Apps K-12<\/a><\/strong> licenceiket a tanul\u00f3iknak, tan\u00e1raiknak &#8211; ingyenes otthoni haszn\u00e1latra 2020 m\u00e1jus 31-ig.<\/li>\n<li>Azok az <strong><a href=\"https:\/\/designshop.hu\/adobe\/adobe-creative-cloud.php\">Adobe Creative Cloud All Apps<\/a><\/strong>, <strong>Single App (pl. Photoshop)<\/strong> \u00e9s <strong><a href=\"https:\/\/designshop.hu\/adobe\/adobe-acrobat-pro-dc.php\">Adobe Acrobat DC<\/a><\/strong> el\u0151fizet\u0151k akiknek m\u00e1rcius 18 \u00e9s m\u00e1jus 31 k\u00f6z\u00e9 esik az el\u0151fizet\u00e9s\u00fck \u00e9vfordul\u00f3ja\/lej\u00e1rata &#8211; 60 nap t\u00fcrelmi id\u0151szakot kapnak. Mit jelent ez? Ha pl. az \u00e9vfordul\u00f3 2020 m\u00e1rcius 20 &#8211; az Adobe szavatolja, hogy m\u00e1jus 20-ig a szoftvereket nem tiltja le. Teh\u00e1t nem 2 ingyenes h\u00f3napot, csup\u00e1n fizet\u00e9si halad\u00e9kot, meghosszabb\u00edtott t\u00fcrelmi id\u0151szakot jelent.<\/li>\n<\/ul>\n<p><strong>Ideiglenesen ingyeness\u00e9 tett szolg\u00e1ltat\u00e1sok:<\/strong><\/p>\n<ul>\n<li>A web-alap\u00fa <a href=\"https:\/\/documentcloud.adobe.com\/acrobat\/us\/en\/online\"><strong>Adobe PDF<\/strong><\/a> szolg\u00e1ltat\u00e1sok ingyeness\u00e9 v\u00e1lnak az Adobe.com -on 2020 m\u00e1jus 31-ig. Az oldalon Word, Excel, Powerpoint \u00e9s JPG f\u00e1jlokat konvert\u00e1lhatunk PDF-be, valamint PDF f\u00e1jlok t\u00f6m\u00f6r\u00edt\u00e9s\u00e9t is elv\u00e9gezhetj\u00fck.<\/li>\n<li>Az\u00a0 <strong><a href=\"https:\/\/portfolio.adobe.com\/\" target=\"_blank\" rel=\"noopener noreferrer\">Adobe Portfolio<\/a><\/strong>\u00a0b\u00e1rki sz\u00e1m\u00e1ra ingyenes lesz 2020 m\u00e1jus 15-ig. Az online jelenl\u00e9t most m\u00e9g fontosabb mint valaha, haszn\u00e1ljuk ki az id\u0151t portf\u00f3li\u00f3 oldalunk kialak\u00edt\u00e1s\u00e1hoz.<\/li>\n<li>90 napos ingyenes hozz\u00e1f\u00e9r\u00e9st biztos\u00edt az <strong><a href=\"https:\/\/blogs.adobe.com\/adobeconnect\/2020\/03\/adobe-connect-extending-support-in-the-wake-of-covid-19.html\">Adobe Connect<\/a><\/strong>-hez, maximum 25 r\u00e9sztvev\u0151ig. A szoftver online megbesz\u00e9l\u00e9sek, -bemutat\u00f3k \u00e9s videokonferenci\u00e1k lebonyol\u00edt\u00e1s\u00e1t biztos\u00edtja val\u00f3s id\u0151ben.\u00a0 Ide\u00e1lis pl. t\u00e1voktat\u00e1sra is.<\/li>\n<li>Az\u00a0 \u00dcgyn\u00f6ks\u00e9gek, c\u00e9gek ingyenesen adhatnak fel \u00e1ll\u00e1shiredet\u00e9st a Behance kreat\u00edv k\u00f6z\u00f6ss\u00e9gi oldal <strong><a href=\"https:\/\/www.behance.net\/adobetalent\" target=\"_blank\" rel=\"noopener noreferrer\">Adobe Talent<\/a><\/strong> fel\u00fclet\u00e9n 2020 m\u00e1jus 15-ig. Az \u00e1ll\u00e1sokre t\u00f6rt\u00e9n\u0151 jelentkez\u00e9s tov\u00e1bbra is ingyenes marad.<\/li>\n<\/ul>\n<p>Linkek:<\/p>\n<p><a href=\"https:\/\/www.adobe.com\/covid-19-response.html\">Adobe Covid-19 response <\/a><br \/>\n<a href=\"https:\/\/theblog.adobe.com\/adobe-enables-distance-learning-globally-schools-impacted-covid-19\">Distance Learning Globally for Schools Impacted by COVID-19<\/a><\/p>\n<p>Tov\u00e1bbi r\u00e9szletekr\u0151l sz\u00edvesen adunk t\u00e1j\u00e9koztat\u00e1st. A bejegyz\u00e9st pedig friss\u00edtj\u00fck amint \u00faj inform\u00e1ci\u00f3k jutnak birtokunkba.<\/p>\n","protected":false},"excerpt":{"rendered":"<p>Shantanu Narayen, az Adobe vez\u00e9rigazgat\u00f3ja blogbejegyz\u00e9sben foglalta \u00f6ssze a szoftverh\u00e1z koronav\u00edrus j\u00e1rv\u00e1nnyal kapcsolatos int\u00e9zked\u00e9seit, kedvezm\u00e9nyeit&#8230;<\/p>\n","protected":false},"author":1,"featured_media":2788,"comment_status":"open","ping_status":"closed","sticky":false,"template":"","format":"standard","meta":{"footnotes":""},"categories":[160],"tags":[],"class_list":["post-2633","post","type-post","status-publish","format-standard","has-post-thumbnail","hentry","category-ugyfeleinknek","gyarto-adobe"],"views":1382,"_links":{"self":[{"href":"https:\/\/designshop.hu\/blog\/wp-json\/wp\/v2\/posts\/2633","targetHints":{"allow":["GET"]}}],"collection":[{"href":"https:\/\/designshop.hu\/blog\/wp-json\/wp\/v2\/posts"}],"about":[{"href":"https:\/\/designshop.hu\/blog\/wp-json\/wp\/v2\/types\/post"}],"author":[{"embeddable":true,"href":"https:\/\/designshop.hu\/blog\/wp-json\/wp\/v2\/users\/1"}],"replies":[{"embeddable":true,"href":"https:\/\/designshop.hu\/blog\/wp-json\/wp\/v2\/comments?post=2633"}],"version-history":[{"count":17,"href":"https:\/\/designshop.hu\/blog\/wp-json\/wp\/v2\/posts\/2633\/revisions"}],"predecessor-version":[{"id":2965,"href":"https:\/\/designshop.hu\/blog\/wp-json\/wp\/v2\/posts\/2633\/revisions\/2965"}],"wp:featuredmedia":[{"embeddable":true,"href":"https:\/\/designshop.hu\/blog\/wp-json\/wp\/v2\/media\/2788"}],"wp:attachment":[{"href":"https:\/\/designshop.hu\/blog\/wp-json\/wp\/v2\/media?parent=2633"}],"wp:term":[{"taxonomy":"category","embeddable":true,"href":"https:\/\/designshop.hu\/blog\/wp-json\/wp\/v2\/categories?post=2633"},{"taxonomy":"post_tag","embeddable":true,"href":"https:\/\/designshop.hu\/blog\/wp-json\/wp\/v2\/tags?post=2633"}],"curies":[{"name":"wp","href":"https:\/\/api.w.org\/{rel}","templated":true}]}}