{"id":3367,"date":"2021-03-21T21:30:10","date_gmt":"2021-03-21T20:30:10","guid":{"rendered":"https:\/\/designshop.hu\/blog\/?p=3367"},"modified":"2021-03-21T22:51:56","modified_gmt":"2021-03-21T21:51:56","slug":"lumion-pro-11-3","status":"publish","type":"post","link":"https:\/\/designshop.hu\/blog\/lumion-pro-11-3\/","title":{"rendered":"A Lumion Pro 11.3 friss\u00edt\u00e9ssel \u00e9letre kelnek a f\u00e9nyek \u00e9s az \u00e1rny\u00e9kok"},"content":{"rendered":"<p>A Lumion Pro 11.3 f\u0151 \u00fajdons\u00e1ga a Shadows for Omni Lights funkci\u00f3, mely automatikusan l\u00e9trehozza a dinamikus \u00e1rny\u00e9kokat \u00e9s f\u00e9nyeket. A rendelkez\u00e9s\u00fcnkre \u00e1l\u00f3 modellek (+400) \u00e9s anyagok (+63) sz\u00e1ma jelent\u0151sen b\u0151v\u00fclt&#8230;<!--more--><\/p>\n<p>Lumion 11.3 Omni Lights dem\u00f3:<\/p>\n<p><iframe loading=\"lazy\" src=\"https:\/\/www.youtube.com\/embed\/aLnf1oq5D2k?rel=0\" width=\"590\" height=\"332\" frameborder=\"0\" allowfullscreen=\"allowfullscreen\" data-mce-fragment=\"1\"><\/iframe><\/p>\n<p>\u00daj funkci\u00f3k a gyakorlatban by Nuno Silva:<\/p>\n<p><iframe loading=\"lazy\" src=\"https:\/\/www.youtube.com\/embed\/bBxn0CYa3oQ?rel=0\" width=\"590\" height=\"332\" frameborder=\"0\" allowfullscreen=\"allowfullscreen\" data-mce-fragment=\"1\"><\/iframe><\/p>\n<p>A Lumion 11 felhaszn\u00e1l\u00f3k d\u00edjmentesen let\u00f6lthetik a Lumion 11.3 friss\u00edt\u00e9st a Lumion fi\u00f3kjukb\u00f3l, vagy az \u00e9rtes\u00edt\u0151 emailb\u0151l.<\/p>\n<p>T\u00f6bb mint 400 \u00faj objektummal \u00e9s 63 anyaggal b\u0151v\u00fclt a Lumion 11.3 Pro, melyek egy r\u00e9sze a Lumion 11.3 Standardban is el\u00e9rhet\u0151 lett.<\/p>\n<p>Tov\u00e1bbi inform\u00e1ci\u00f3k:<\/p>\n<ul>\n<li><a href=\"https:\/\/lumion.com\/whats-new.html\">Lumion 11.3 What\u2019s new<\/a><\/li>\n<li><a href=\"https:\/\/support.lumion.com\/hc\/en-us\/articles\/360020328360\">Lumion 11.3 Release Notes<\/a><\/li>\n<li>\n<p class=\"article-title\" title=\"Lumion 10.5: Everything you need to know\"><a href=\"https:\/\/support.lumion.com\/hc\/en-us\/articles\/360020327880-Lumion-11-3-Everything-you-need-to-know\">Lumion 11.3: Everything you need to know<\/a><\/p>\n<\/li>\n<\/ul>\n<p><a href=\"https:\/\/designshop.hu\/lumion\">Aktu\u00e1lis Lumion \u00e1rak, megrendel\u00e9s<\/a><\/p>\n","protected":false},"excerpt":{"rendered":"<p>A Lumion Pro 11.3 f\u0151 \u00fajdons\u00e1ga a Shadows for Omni Lights funkci\u00f3, mely automatikusan l\u00e9trehozza a dinamikus \u00e1rny\u00e9kokat \u00e9s f\u00e9nyeket. A rendelkez\u00e9s\u00fcnkre \u00e1l\u00f3 modellek (+400) \u00e9s anyagok (+63) sz\u00e1ma jelent\u0151sen b\u0151v\u00fclt&#8230;<\/p>\n","protected":false},"author":1,"featured_media":3368,"comment_status":"open","ping_status":"closed","sticky":false,"template":"","format":"standard","meta":{"footnotes":""},"categories":[77],"tags":[],"class_list":["post-3367","post","type-post","status-publish","format-standard","has-post-thumbnail","hentry","category-ujdonsagok","gyarto-act-3d","szoftver-lumion-pro","verzio-11-3","szakag-3d-rendereles"],"views":2702,"_links":{"self":[{"href":"https:\/\/designshop.hu\/blog\/wp-json\/wp\/v2\/posts\/3367","targetHints":{"allow":["GET"]}}],"collection":[{"href":"https:\/\/designshop.hu\/blog\/wp-json\/wp\/v2\/posts"}],"about":[{"href":"https:\/\/designshop.hu\/blog\/wp-json\/wp\/v2\/types\/post"}],"author":[{"embeddable":true,"href":"https:\/\/designshop.hu\/blog\/wp-json\/wp\/v2\/users\/1"}],"replies":[{"embeddable":true,"href":"https:\/\/designshop.hu\/blog\/wp-json\/wp\/v2\/comments?post=3367"}],"version-history":[{"count":3,"href":"https:\/\/designshop.hu\/blog\/wp-json\/wp\/v2\/posts\/3367\/revisions"}],"predecessor-version":[{"id":3371,"href":"https:\/\/designshop.hu\/blog\/wp-json\/wp\/v2\/posts\/3367\/revisions\/3371"}],"wp:featuredmedia":[{"embeddable":true,"href":"https:\/\/designshop.hu\/blog\/wp-json\/wp\/v2\/media\/3368"}],"wp:attachment":[{"href":"https:\/\/designshop.hu\/blog\/wp-json\/wp\/v2\/media?parent=3367"}],"wp:term":[{"taxonomy":"category","embeddable":true,"href":"https:\/\/designshop.hu\/blog\/wp-json\/wp\/v2\/categories?post=3367"},{"taxonomy":"post_tag","embeddable":true,"href":"https:\/\/designshop.hu\/blog\/wp-json\/wp\/v2\/tags?post=3367"}],"curies":[{"name":"wp","href":"https:\/\/api.w.org\/{rel}","templated":true}]}}