{"id":3456,"date":"2022-01-05T17:27:47","date_gmt":"2022-01-05T16:27:47","guid":{"rendered":"https:\/\/designshop.hu\/blog\/?p=3456"},"modified":"2022-03-09T09:56:33","modified_gmt":"2022-03-09T08:56:33","slug":"coreldraw-graphics-suite-2021-20","status":"publish","type":"post","link":"https:\/\/designshop.hu\/blog\/coreldraw-graphics-suite-2021-20\/","title":{"rendered":"<del>CorelDRAW Graphics Suite 2021 + \u00e9ves verzi\u00f3k\u00f6vet\u00e9s 20% kedvezm\u00e9nnyel<\/del>"},"content":{"rendered":"<p>20% kedvezm\u00e9nnyel v\u00e1s\u00e1rolhatod meg a CorelDRAW Graphics Suite 2021-et \u00e9s plusz aj\u00e1nd\u00e9kk\u00e9nt 1 \u00e9ves verzi\u00f3k\u00f6vet\u00e9st\u00a0 kapsz mell\u00e9, melynek k\u00f6sz\u00f6nhet\u0151en a 2022-es verzi\u00f3ra is jogosult leszel&#8230;<!--more--><\/p>\n<p>Kiv\u00e1l\u00f3 alkalom a Corel csomag beszerz\u00e9s\u00e9re, legaliz\u00e1l\u00e1s\u00e1ra, ha\u00a0ragaszkodsz az \u00f6r\u00f6k\u00f6s verzi\u00f3hoz. Most birtokba veheted a <a href=\"https:\/\/designshop.hu\/corel\/corel-coreldraw-graphics-suite.php\">CorelDRAW Graphics Suite 2021<\/a>-et az aj\u00e1nd\u00e9k 1 \u00e9ves verzi\u00f3k\u00f6vet\u00e9ssel, melynek keret\u00e9ben a\u00a0 m\u00e1rcius-\u00e1prilis id\u0151szakban megjelen\u0151 CorelDRAW Graphics Suite 2022-es v\u00e1ltozatot tov\u00e1bbi k\u00f6lts\u00e9g n\u00e9lk\u00fcl biztos\u00edtja a Corel. A szoftver multiplatformos, Windows \u00e9s macOS rendszerre is telep\u00edtheted.<\/p>\n<p><strong>Term\u00e9koldal, konstrukci\u00f3k, aktu\u00e1lis \u00e1rak:<\/strong><\/p>\n<p><a href=\"https:\/\/designshop.hu\/corel\/corel-coreldraw-graphics-suite.php\">CorelDRAW Graphics Suite 2021 for Windows\/Mac<\/a><\/p>\n<p>Akci\u00f3s id\u0151szak: visszavon\u00e1sig<\/p>\n","protected":false},"excerpt":{"rendered":"<p>20% kedvezm\u00e9nnyel v\u00e1s\u00e1rolhatod meg a CorelDRAW Graphics Suite 2021-et \u00e9s plusz aj\u00e1nd\u00e9kk\u00e9nt 1 \u00e9ves verzi\u00f3k\u00f6vet\u00e9st\u00a0 kapsz mell\u00e9, melynek k\u00f6sz\u00f6nhet\u0151en a 2022-es verzi\u00f3ra is jogosult leszel&#8230;<\/p>\n","protected":false},"author":1,"featured_media":3457,"comment_status":"closed","ping_status":"closed","sticky":false,"template":"","format":"standard","meta":{"footnotes":""},"categories":[42],"tags":[],"class_list":["post-3456","post","type-post","status-publish","format-standard","has-post-thumbnail","hentry","category-akciok-lejart","gyarto-corel","szoftver-coreldraw","verzio-257","szakag-kiadvanyszerkesztes","egyeb-203"],"views":585,"_links":{"self":[{"href":"https:\/\/designshop.hu\/blog\/wp-json\/wp\/v2\/posts\/3456","targetHints":{"allow":["GET"]}}],"collection":[{"href":"https:\/\/designshop.hu\/blog\/wp-json\/wp\/v2\/posts"}],"about":[{"href":"https:\/\/designshop.hu\/blog\/wp-json\/wp\/v2\/types\/post"}],"author":[{"embeddable":true,"href":"https:\/\/designshop.hu\/blog\/wp-json\/wp\/v2\/users\/1"}],"replies":[{"embeddable":true,"href":"https:\/\/designshop.hu\/blog\/wp-json\/wp\/v2\/comments?post=3456"}],"version-history":[{"count":3,"href":"https:\/\/designshop.hu\/blog\/wp-json\/wp\/v2\/posts\/3456\/revisions"}],"predecessor-version":[{"id":3476,"href":"https:\/\/designshop.hu\/blog\/wp-json\/wp\/v2\/posts\/3456\/revisions\/3476"}],"wp:featuredmedia":[{"embeddable":true,"href":"https:\/\/designshop.hu\/blog\/wp-json\/wp\/v2\/media\/3457"}],"wp:attachment":[{"href":"https:\/\/designshop.hu\/blog\/wp-json\/wp\/v2\/media?parent=3456"}],"wp:term":[{"taxonomy":"category","embeddable":true,"href":"https:\/\/designshop.hu\/blog\/wp-json\/wp\/v2\/categories?post=3456"},{"taxonomy":"post_tag","embeddable":true,"href":"https:\/\/designshop.hu\/blog\/wp-json\/wp\/v2\/tags?post=3456"}],"curies":[{"name":"wp","href":"https:\/\/api.w.org\/{rel}","templated":true}]}}