{"id":3478,"date":"2022-03-13T16:51:49","date_gmt":"2022-03-13T15:51:49","guid":{"rendered":"https:\/\/designshop.hu\/blog\/?p=3478"},"modified":"2022-03-14T12:42:46","modified_gmt":"2022-03-14T11:42:46","slug":"coreldraw-graphics-suite-2022","status":"publish","type":"post","link":"https:\/\/designshop.hu\/blog\/coreldraw-graphics-suite-2022\/","title":{"rendered":"\u00daj CorelDRAW Graphics Suite friss\u00edt\u00e9s \u00e9s megsz\u0171nik a verzi\u00f3 jel\u00f6l\u00e9s"},"content":{"rendered":"<p>A CorelDRAW el\u0151fizet\u0151k \u00e9s verzi\u00f3k\u00f6vet\u00e9ssel rendelkez\u0151 felhaszn\u00e1l\u00f3k \u00e1ltal el\u00e9rhet\u0151 a CorelDRAW Graphics Suite March 2022 Update, valamint \u00f6sszefoglaljuk a tov\u00e1bbi v\u00e1ltoz\u00e1sokat a konstrukci\u00f3kban&#8230;<!--more--><\/p>\n<p>A CorelDRAW 365 el\u0151fizet\u0151k, valamint a CorelSure Maintenance-el (verzi\u00f3k\u00f6vet\u00e9s) rendelkez\u0151 felhaszn\u00e1l\u00f3k let\u00f6lthetik a CorelDRAW Graphics Suite 2022 m\u00e1rciusi friss\u00edt\u00e9st, mely az al\u00e1bbi vide\u00f3ban bemutatott \u00faj funkci\u00f3kat ny\u00fajtja:<\/p>\n<p><iframe loading=\"lazy\" src=\"https:\/\/www.youtube.com\/embed\/2VkfE7ALXm4?rel=0\" width=\"590\" height=\"332\" frameborder=\"0\" allowfullscreen=\"allowfullscreen\" data-mce-fragment=\"1\"><span data-mce-type=\"bookmark\" style=\"display: inline-block; width: 0px; overflow: hidden; line-height: 0;\" class=\"mce_SELRES_start\">\ufeff<\/span><\/iframe><\/p>\n<p>Az Adobe Creative Suite-ot k\u00f6vetve a CorelDRAW Graphics Suite-nak sem lesz a tov\u00e1bbiakban verzi\u00f3ja&#8230; az el\u0151fizet\u0151k \u00e9s verzi\u00f3k\u00f6vet\u00e9ses \u00fcgyfelek folyamatosan kapni fogj\u00e1k az \u00faj funkci\u00f3kat, jav\u00edt\u00e1sokat illetve \u00e9vente 2 alkalommal (m\u00e1rcius \u00e9s okt\u00f3ber) nagyobb volumen\u0171 \u00faj funkci\u00f3 csomagot. Teh\u00e1t a CorelDRAW Graphics Suite 2021 ut\u00e1n csak egyszer\u0171en egy folyamatosan meg\u00fajul\u00f3 CorelDRAW Graphics Suite-r\u00f3l besz\u00e9lhet\u00fcnk.<\/p>\n<p>Fontos tudni, hogy az el\u0151fizet\u00e9ses \u00e9s az \u00f6r\u00f6k\u00f6s verzi\u00f3 is Multiplatformosak (MLP) lettek, teh\u00e1t nem kell figyeln\u00fcnk a j\u00f6v\u0151ben, hogy Windows vagy macOS verzi\u00f3t rendel\u00fcnk&#8230;<\/p>\n<p><strong>Milyen opci\u00f3k maradnak CorelDRAW v\u00e1s\u00e1rl\u00e1sra?<\/strong><\/p>\n<p>1. <a href=\"https:\/\/designshop.hu\/corel\/corel-coreldraw-graphics-suite.php\">CorelDRAW Graphics Suite<\/a> \u00e9ves el\u0151fizet\u00e9s<br \/>\n2. <a href=\"https:\/\/designshop.hu\/corel\/corel-coreldraw-graphics-suite.php\">CorelDRAW Graphics Suite<\/a> \u00f6r\u00f6k\u00f6s (Enterprise), melyhez 1 \u00e9ves verzi\u00f3k\u00f6vet\u00e9st (CorelSure Maintenance) kapunk, melyet a tov\u00e1bbi \u00e9vekre is \u00e9rdemes hosszabb\u00edtani, de nem k\u00f6telez\u0151.<br \/>\n3. <a href=\"https:\/\/designshop.hu\/corel\/corel-coreldraw-graphics-suite-2021.php\">CorelDRAW Graphics Suite 2021<\/a> \u00f6r\u00f6k\u00f6s, egyel\u0151re el\u00e9rhet\u0151 marad mint kor\u00e1bbi verzi\u00f3,\u00a0 verzi\u00f3k\u00f6vet\u00e9s \u00e9s friss\u00edt\u00e9sek n\u00e9lk\u00fcl.<\/p>\n<p>Aktu\u00e1lis \u00e1rak, megrendel\u00e9s:<\/p>\n<p><a href=\"https:\/\/designshop.hu\/corel\/corel-coreldraw-graphics-suite.php\">CorelDRAW Graphics Suite<\/a><\/p>\n","protected":false},"excerpt":{"rendered":"<p>A CorelDRAW el\u0151fizet\u0151k \u00e9s verzi\u00f3k\u00f6vet\u00e9ssel rendelkez\u0151 felhaszn\u00e1l\u00f3k \u00e1ltal el\u00e9rhet\u0151 a CorelDRAW Graphics Suite March 2022 Update, valamint \u00f6sszefoglaljuk a tov\u00e1bbi v\u00e1ltoz\u00e1sokat a konstrukci\u00f3kban&#8230;<\/p>\n","protected":false},"author":1,"featured_media":3483,"comment_status":"closed","ping_status":"closed","sticky":false,"template":"","format":"standard","meta":{"footnotes":""},"categories":[77],"tags":[],"class_list":["post-3478","post","type-post","status-publish","format-standard","has-post-thumbnail","hentry","category-ujdonsagok","gyarto-corel","szoftver-coreldraw","szakag-kepszerkesztes","szakag-kiadvanyszerkesztes"],"views":956,"_links":{"self":[{"href":"https:\/\/designshop.hu\/blog\/wp-json\/wp\/v2\/posts\/3478","targetHints":{"allow":["GET"]}}],"collection":[{"href":"https:\/\/designshop.hu\/blog\/wp-json\/wp\/v2\/posts"}],"about":[{"href":"https:\/\/designshop.hu\/blog\/wp-json\/wp\/v2\/types\/post"}],"author":[{"embeddable":true,"href":"https:\/\/designshop.hu\/blog\/wp-json\/wp\/v2\/users\/1"}],"replies":[{"embeddable":true,"href":"https:\/\/designshop.hu\/blog\/wp-json\/wp\/v2\/comments?post=3478"}],"version-history":[{"count":10,"href":"https:\/\/designshop.hu\/blog\/wp-json\/wp\/v2\/posts\/3478\/revisions"}],"predecessor-version":[{"id":3489,"href":"https:\/\/designshop.hu\/blog\/wp-json\/wp\/v2\/posts\/3478\/revisions\/3489"}],"wp:featuredmedia":[{"embeddable":true,"href":"https:\/\/designshop.hu\/blog\/wp-json\/wp\/v2\/media\/3483"}],"wp:attachment":[{"href":"https:\/\/designshop.hu\/blog\/wp-json\/wp\/v2\/media?parent=3478"}],"wp:term":[{"taxonomy":"category","embeddable":true,"href":"https:\/\/designshop.hu\/blog\/wp-json\/wp\/v2\/categories?post=3478"},{"taxonomy":"post_tag","embeddable":true,"href":"https:\/\/designshop.hu\/blog\/wp-json\/wp\/v2\/tags?post=3478"}],"curies":[{"name":"wp","href":"https:\/\/api.w.org\/{rel}","templated":true}]}}