{"id":3494,"date":"2022-03-28T17:56:22","date_gmt":"2022-03-28T16:56:22","guid":{"rendered":"https:\/\/designshop.hu\/blog\/?p=3494"},"modified":"2022-03-28T18:46:23","modified_gmt":"2022-03-28T17:46:23","slug":"adobe-arvaltozas-2022","status":"publish","type":"post","link":"https:\/\/designshop.hu\/blog\/adobe-arvaltozas-2022\/","title":{"rendered":"2022 m\u00e1jus 3-t\u00f3l dr\u00e1gulnak az Adobe Creative Cloud el\u0151fizet\u00e9sek"},"content":{"rendered":"<p>A sok \u00faj funkci\u00f3ra \u00e9s szolg\u00e1ltat\u00e1sra hivatkozva az Adobe el\u00e9rkezettnek l\u00e1tta az id\u0151t egy \u00fajabb \u00e1remel\u00e9sre (legut\u00f3bb 2018-ban t\u00f6rt\u00e9nt v\u00e1ltoz\u00e1s). Pontosan mely konstrukci\u00f3k \u00e1rai emelkednek \u00e9s hogyan lehet elker\u00fclni?&#8230;<!--more--><\/p>\n<p>2022 m\u00e1jus 3-t\u00f3l 4-6%-al magasabb \u00e1ron fizethet\u00fcnk el\u0151 az Adobe Creative Cloud All Apps-ra, vagy a Single App-okra (egy szoftveres el\u0151fizet\u00e9sek pl. csak Photoshop, Illustrator, stb) &#8211; illetve a megl\u00e9v\u0151 el\u0151fizet\u00e9seket is a megemelt \u00e1rakon tudjuk\u00a0 majd hosszabb\u00edtani.<\/p>\n<p>Az \u00e1remel\u00e9sben \u00e9rintett szoftverek:<\/p>\n<ul>\n<li><a href=\"https:\/\/designshop.hu\/adobe\/adobe-creative-cloud.php\">Creative Cloud All Apps for Teams<\/a>\/Enterprise<\/li>\n<li><a href=\"https:\/\/designshop.hu\/adobe\/index.php\">Creative Cloud Single App for Teams<\/a>\/Enterprise (Photoshop, InDesign, Illustrator. stb&#8230; egyed\u00fcl\u00e1ll\u00f3 el\u0151fizet\u00e9sek)<\/li>\n<li>a felsoroltak PRO verzi\u00f3i, Adobe Stock el\u00e9r\u00e9ssel.<\/li>\n<\/ul>\n<p>Mit tehetek, hogy ne fizessem a magasabb \u00e1rat?<\/p>\n<ul>\n<li>\u00daj el\u0151fizet\u00e9sek, vagy megl\u00e9v\u0151 el\u0151fizet\u00e9sek b\u0151v\u00edt\u00e9se eset\u00e9n legk\u00e9s\u0151bb 2022 m\u00e1jus 2-ig javasolt rendelni.<\/li>\n<li>A megl\u00e9v\u0151 el\u0151fizet\u00e9seket legk\u00e9s\u0151bb 2022 m\u00e1jus 2-ig sz\u00fcks\u00e9ges hosszabb\u00edtani (a hosszabb\u00edt\u00e1s aj\u00e1nlatokban jelezz\u00fck)&#8230; sajnos erre csak azoknak van lehet\u0151s\u00e9ge ahol az el\u0151fizet\u00e9sek \u00e9vfordul\u00f3ja maximum 2022. j\u00fanius 2 &#8211; teh\u00e1t ott m\u00e1r m\u00e1jus\u00a0 2-t\u0151l lehets\u00e9ges a hosszabb\u00edt\u00e1s*.<\/li>\n<\/ul>\n<p style=\"padding-left: 40px;\"><em>*Az \u00e9vfordul\u00f3 d\u00e1tuma m\u00ednusz 30 napt\u00f3l lehet hosszabb\u00edtani &#8211; eg\u00e9szen az \u00e9vfordul\u00f3 d\u00e1tuma +30 napig &#8211; ez\u00e9rt a 2022.06.02 \u00e9vfordul\u00f3 eset\u00e9n m\u00e9g 2022.05.02.-\u00e9n r\u00e9gi \u00e1ron lehet hosszab\u00edtani &#8211; 2022.06.03 \u00e9vfordul\u00f3t\u00f3l m\u00e1r csak emelt \u00e1ron.<\/em><\/p>\n<ul>\n<li>A min. 10 lincenccel rendelkez\u0151 (<a href=\"https:\/\/designshop.hu\/blog\/adobe-creative-cloud-vip-program-kedvezmenyek\/\">Level 2-es kedvezm\u00e9nyi szint<\/a>) \u00fcgyfeleknek lehet\u0151s\u00e9ge van 2022 m\u00e1jus 2-ig az Admin Console-ban elfogadni a 3 \u00e9ves elk\u00f6telez\u0151d\u00e9st (3 year commit) &#8211; ez esetben 3 \u00e9vig a jelenlegi \u00e1remelked\u00e9s el\u0151tti \u00e1ron t\u00f6rt\u00e9nhet a hosszabb\u00edt\u00e1s\/b\u0151v\u00edt\u00e9s. (a licencek v\u00e1s\u00e1rl\u00e1sa v\u00e1ltozatlanul \u00e9ves d\u00edjfizet\u00e9si gyakoris\u00e1g mellett t\u00f6rt\u00e9nik, nem kell a 3 \u00e9ves el\u0151fizet\u00e9st el\u0151re kifizetni).<\/li>\n<\/ul>\n<p>Tov\u00e1bbi fontos inform\u00e1ci\u00f3, hogy az \u00f6r\u00f6k\u00f6s konstrukci\u00f3ban m\u00e9g tov\u00e1bbra is el\u00e9rhet\u0151 Adobe Acrobat Pro 2020 \u00e9s Adobe Acrobat Standard 2020 szoftverek\u00e9rt 20%-al magasabb \u00e1rat kell fizetni 2022 m\u00e1jus 3-t\u00f3l.<\/p>\n","protected":false},"excerpt":{"rendered":"<p>A sok \u00faj funkci\u00f3ra \u00e9s szolg\u00e1ltat\u00e1sra hivatkozva az Adobe el\u00e9rkezettnek l\u00e1tta az id\u0151t egy \u00fajabb \u00e1remel\u00e9sre (legut\u00f3bb 2018-ban t\u00f6rt\u00e9nt v\u00e1ltoz\u00e1s). Pontosan mely konstrukci\u00f3k \u00e1rai emelkednek \u00e9s hogyan lehet elker\u00fclni?&#8230;<\/p>\n","protected":false},"author":1,"featured_media":3498,"comment_status":"open","ping_status":"closed","sticky":false,"template":"","format":"standard","meta":{"footnotes":""},"categories":[160],"tags":[],"class_list":["post-3494","post","type-post","status-publish","format-standard","has-post-thumbnail","hentry","category-ugyfeleinknek","gyarto-adobe","szoftver-creative-cloud","szoftver-creative-cloud-pro","egyeb-3-year-commit","egyeb-arvaltozas"],"views":1717,"_links":{"self":[{"href":"https:\/\/designshop.hu\/blog\/wp-json\/wp\/v2\/posts\/3494","targetHints":{"allow":["GET"]}}],"collection":[{"href":"https:\/\/designshop.hu\/blog\/wp-json\/wp\/v2\/posts"}],"about":[{"href":"https:\/\/designshop.hu\/blog\/wp-json\/wp\/v2\/types\/post"}],"author":[{"embeddable":true,"href":"https:\/\/designshop.hu\/blog\/wp-json\/wp\/v2\/users\/1"}],"replies":[{"embeddable":true,"href":"https:\/\/designshop.hu\/blog\/wp-json\/wp\/v2\/comments?post=3494"}],"version-history":[{"count":5,"href":"https:\/\/designshop.hu\/blog\/wp-json\/wp\/v2\/posts\/3494\/revisions"}],"predecessor-version":[{"id":3502,"href":"https:\/\/designshop.hu\/blog\/wp-json\/wp\/v2\/posts\/3494\/revisions\/3502"}],"wp:featuredmedia":[{"embeddable":true,"href":"https:\/\/designshop.hu\/blog\/wp-json\/wp\/v2\/media\/3498"}],"wp:attachment":[{"href":"https:\/\/designshop.hu\/blog\/wp-json\/wp\/v2\/media?parent=3494"}],"wp:term":[{"taxonomy":"category","embeddable":true,"href":"https:\/\/designshop.hu\/blog\/wp-json\/wp\/v2\/categories?post=3494"},{"taxonomy":"post_tag","embeddable":true,"href":"https:\/\/designshop.hu\/blog\/wp-json\/wp\/v2\/tags?post=3494"}],"curies":[{"name":"wp","href":"https:\/\/api.w.org\/{rel}","templated":true}]}}