{"id":3832,"date":"2023-11-20T23:10:24","date_gmt":"2023-11-20T22:10:24","guid":{"rendered":"https:\/\/designshop.hu\/blog\/?p=3832"},"modified":"2023-12-07T11:20:21","modified_gmt":"2023-12-07T10:20:21","slug":"corel-black-friday-2023","status":"publish","type":"post","link":"https:\/\/designshop.hu\/blog\/corel-black-friday-2023\/","title":{"rendered":"<del>Corel Black Friday 2023 \u2013 CorelDRAW Graphics Suite 40% kedvezm\u00e9nnyel<\/del>"},"content":{"rendered":"<p>A Corel idei Black Friday prom\u00f3ci\u00f3j\u00e1ban \u2013 2023 november 20-t\u00f3l december 8-ig , a CorelDRAW Graphics Suite \u00f6r\u00f6k\u00f6s licencekre 40%, az \u00faj, 1 \u00e9ves el\u0151fizet\u00e9sekre pedig 30% kedvezm\u00e9ny \u00e9rv\u00e9nyes&#8230;<!--more--><span id=\"more-3427\"><\/span><\/p>\n<p><strong>CorelDRAW Graphics Suite 2023 &#8211; \u00f6r\u00f6k\u00f6s + 1 \u00e9ves verzi\u00f3k\u00f6vet\u00e9s -40%<\/strong><\/p>\n<p>Kiv\u00e1l\u00f3 alkalom a\u00a0\u00a0<a href=\"https:\/\/designshop.hu\/corel\/corel-coreldraw-graphics-suite.php\">CorelDRAW Graphics Suite<\/a> \u00f6r\u00f6k\u00f6s beszerz\u00e9s\u00e9re, 1 \u00e9ves verzi\u00f3k\u00f6vet\u00e9ssel kieg\u00e9sz\u00edtve ami garant\u00e1lja a 2024-es vezi\u00f3hoz val\u00f3 hozz\u00e1jut\u00e1st is.\u00a0 A verzi\u00f3k\u00f6vet\u00e9s 1 \u00e9vig biztos\u00edtja a friss\u00edt\u00e9seket \u00e9s az \u00faj szoftver verzi\u00f3kat. A k\u00f6vet\u00e9s hosszabb\u00edt\u00e1sa a tov\u00e1bbi \u00e9vekre nem k\u00f6telez\u0151 \u2013 de er\u0151sen javasolt, mivel az upgrade lehet\u0151s\u00e9g megsz\u0171nt.<\/p>\n<p><strong>CorelDRAW Graphics Suite 2023 &#8211; 1 \u00e9ves -30%<\/strong><\/p>\n<p>A\u00a0 <a href=\"https:\/\/designshop.hu\/corel\/corel-coreldraw-graphics-suite.php\">CorelDRAW Graphics Suite<\/a> el\u0151fizet\u00e9st prefer\u00e1l\u00f3k 30% kedvezm\u00e9nnyel juthatnak a grafikai szoftvercsomaghoz.<\/p>\n<p><a href=\"https:\/\/designshop.hu\/corel\/corel-coreldraw-graphics-suite.php\">CorelDRAW Graphics Suite term\u00e9koldal, \u00e1rak<\/a><\/p>\n<p>Akci\u00f3s id\u0151szak: 2023 november 20 \u2013 december 8<\/p>\n","protected":false},"excerpt":{"rendered":"<p>A Corel idei Black Friday prom\u00f3ci\u00f3j\u00e1ban \u2013 2023 november 20-t\u00f3l december 8-ig , a CorelDRAW Graphics Suite \u00f6r\u00f6k\u00f6s licencekre 40%, az \u00faj, 1 \u00e9ves el\u0151fizet\u00e9sekre pedig 30% kedvezm\u00e9ny \u00e9rv\u00e9nyes&#8230;<\/p>\n","protected":false},"author":1,"featured_media":3833,"comment_status":"closed","ping_status":"closed","sticky":false,"template":"","format":"standard","meta":{"footnotes":""},"categories":[42],"tags":[],"class_list":["post-3832","post","type-post","status-publish","format-standard","has-post-thumbnail","hentry","category-akciok-lejart","gyarto-corel","szoftver-coreldraw","verzio-312","egyeb-190","egyeb-black-friday"],"views":858,"_links":{"self":[{"href":"https:\/\/designshop.hu\/blog\/wp-json\/wp\/v2\/posts\/3832","targetHints":{"allow":["GET"]}}],"collection":[{"href":"https:\/\/designshop.hu\/blog\/wp-json\/wp\/v2\/posts"}],"about":[{"href":"https:\/\/designshop.hu\/blog\/wp-json\/wp\/v2\/types\/post"}],"author":[{"embeddable":true,"href":"https:\/\/designshop.hu\/blog\/wp-json\/wp\/v2\/users\/1"}],"replies":[{"embeddable":true,"href":"https:\/\/designshop.hu\/blog\/wp-json\/wp\/v2\/comments?post=3832"}],"version-history":[{"count":2,"href":"https:\/\/designshop.hu\/blog\/wp-json\/wp\/v2\/posts\/3832\/revisions"}],"predecessor-version":[{"id":3841,"href":"https:\/\/designshop.hu\/blog\/wp-json\/wp\/v2\/posts\/3832\/revisions\/3841"}],"wp:featuredmedia":[{"embeddable":true,"href":"https:\/\/designshop.hu\/blog\/wp-json\/wp\/v2\/media\/3833"}],"wp:attachment":[{"href":"https:\/\/designshop.hu\/blog\/wp-json\/wp\/v2\/media?parent=3832"}],"wp:term":[{"taxonomy":"category","embeddable":true,"href":"https:\/\/designshop.hu\/blog\/wp-json\/wp\/v2\/categories?post=3832"},{"taxonomy":"post_tag","embeddable":true,"href":"https:\/\/designshop.hu\/blog\/wp-json\/wp\/v2\/tags?post=3832"}],"curies":[{"name":"wp","href":"https:\/\/api.w.org\/{rel}","templated":true}]}}