{"id":3993,"date":"2025-08-12T01:04:38","date_gmt":"2025-08-12T00:04:38","guid":{"rendered":"https:\/\/designshop.hu\/blog\/?p=3993"},"modified":"2026-01-19T14:47:46","modified_gmt":"2026-01-19T13:47:46","slug":"creative-cloud-pro-plus","status":"publish","type":"post","link":"https:\/\/designshop.hu\/blog\/creative-cloud-pro-plus\/","title":{"rendered":"\u00c1talakulnak \u00e9s dr\u00e1gulnak az \u00dczleti Adobe Creative Cloud csomagok"},"content":{"rendered":"<p>A 2012-ben bevezetett, el\u0151fizet\u00e9ses Adobe szoftvercsomag &#8211;\u00a0 a Creative Cloud All Apps, majd a korl\u00e1tlan standard Stock fot\u00f3kkal kieg\u00e9sz\u00edtett\u00a0 Creative Cloud All Apps Pro &#8211; tartalmilag \u00e9s n\u00e9vben is meg\u00fajulnak&#8230;<!--more--><\/p>\n<p>A Creative Cloud csomagok m\u00f3dos\u00edt\u00e1s\u00e1t els\u0151sorban az alkalmaz\u00e1sokba integr\u00e1lt \u00e9s folyamatosan b\u0151v\u00fcl\u0151 generat\u00edv MI fukci\u00f3k indokolt\u00e1k<\/p>\n<p><strong>1.\u00a0 N\u00e9v \u00e9s tartalomv\u00e1ltoz\u00e1sok:<\/strong><\/p>\n<p>2025 szeptember 1-t\u0151l a Creative Cloud csomagok elnevez\u00e9sei az al\u00e1bbiak szerint m\u00f3dosulnak:<\/p>\n<p>Creative Cloud All Apps (for Teams) &gt;&gt;&gt; <strong>Creative Cloud Pro (for Teams)<\/strong><br \/>\nCreative Cloud All Apps Pro (for Teams) &gt;&gt;&gt; <strong>Creative Cloud Pro Plus (for Teams)<\/strong><\/p>\n<p>A <a href=\"https:\/\/designshop.hu\/creative-cloud-pro\"><strong>Creative Cloud Pro<\/strong><\/a> csomagban marad term\u00e9szetesen a megszokott 20+ szoftver &#8211; korl\u00e1tlan Standard generat\u00edv AI felhaszn\u00e1l\u00e1st \u00e9s havi\u00a0 4000 generat\u00edv kreditet tartalmaz a Pr\u00e9mium AI funkci\u00f3kra (sz\u00f6vegb\u0151l vide\u00f3, ford\u00edt\u00e1s).<\/p>\n<p>A <a href=\"https:\/\/designshop.hu\/creative-cloud-pro-plus\"><strong>Creative Cloud Pro Plus<\/strong><\/a> csomag a fentieken fel\u00fcl korl\u00e1tlan Adobe Stock (Standard) el\u00e9r\u00e9st is tartalmaz, valamit\u00a0 Firefly Boards alkalmaz\u00e1st \u00e9s 10.000 doll\u00e1r \u00e9rt\u00e9kig IP indemnification* garanci\u00e1t.<\/p>\n<p>*Az Adobe Creative Cloud IP indemnification egy kock\u00e1zatcs\u00f6kkent\u0151 garancia, amely a Firefly generat\u00edv MI eszk\u00f6zeivel \u00e9s Adobe Stock tartalmakkal kapcsolatos szerz\u0151i jogi vagy IP-jogs\u00e9rt\u00e9si perek k\u00f6lts\u00e9geit fedezi. A k\u00e1rtalan\u00edt\u00e1s m\u00e9rt\u00e9ke a csomagt\u00f3l f\u00fcgg\u00a0 \u00e9s szigor\u00fa felt\u00e9telekhez k\u00f6t\u00f6tt. Ez a v\u00e9delem k\u00fcl\u00f6n\u00f6sen fontos nagyv\u00e1llalatok sz\u00e1m\u00e1ra, akik nagy mennyis\u00e9g\u0171 kreat\u00edv tartalmat \u00e1ll\u00edtanak el\u0151, \u00e9s szeretn\u00e9k minimaliz\u00e1lni a jogi kock\u00e1zatokat.<\/p>\n<p><strong>2. \u00c1rv\u00e1ltoz\u00e1s 2025 szeptember 1-t\u0151l<\/strong><\/p>\n<p>A tartalom mellett az \u00faj Creative Cloud Pro\/Pro Plus el\u0151fizet\u00e9sek \u00e1ra kb. 15%- al emelkedik.<\/p>\n<p><strong>3. V\u00e1ltoz\u00e1s a nyelvi verzi\u00f3kban<\/strong><\/p>\n<p>A kor\u00e1bbi \u00e9vekben a Creative Cloud csomagokn\u00e1l Angol, vagy a kb. 3%-al dr\u00e1g\u00e1bb Multi-European-Languages (MUL) kiad\u00e1sok k\u00f6z\u00fcl v\u00e1laszthattunk. A MUL kiad\u00e1sban a 20+ kreat\u00edv szoftver k\u00f6z\u00fcl 4 szoftver &#8211; nevezetesen a Photoshop, Illustrator, InDesign \u00e9s Acrobat &#8211; magyar interf\u00e9sszel is telep\u00edthet\u0151.<\/p>\n<p>Szeptembert\u0151l m\u00e1r csak a MUL verzi\u00f3k lesznek el\u00e9rhet\u0151k minden Adobe szoftverb\u0151l &#8211; bele\u00e9rtve a k\u00fcl\u00f6n\u00e1ll\u00f3 (Single-App) alkalmaz\u00e1sokat \u00e9s az Acrobatot is. Ez tov\u00e1bbi, \u00e1tlagosan 3%-os \u00e1remel\u00e9st jelent a kor\u00e1bbiakban Angol verzi\u00f3ra el\u0151fizet\u0151 felhaszn\u00e1l\u00f3knak.<\/p>\n<p>Kapcsol\u00f3d\u00f3 szofverek:<\/p>\n<p><a href=\"https:\/\/designshop.hu\/creative-cloud-pro\">Creative Cloud Pro<\/a><br \/>\n<a href=\"https:\/\/designshop.hu\/creative-cloud-pro-plus\">Creative Cloud Pro Plus<\/a><\/p>\n","protected":false},"excerpt":{"rendered":"<p>A 2012-ben bevezetett, el\u0151fizet\u00e9ses Adobe szoftvercsomag &#8211;\u00a0 a Creative Cloud All Apps, majd a korl\u00e1tlan standard Stock fot\u00f3kkal kieg\u00e9sz\u00edtett\u00a0 Creative Cloud All Apps Pro &#8211; tartalmilag \u00e9s n\u00e9vben is meg\u00fajulnak&#8230;<\/p>\n","protected":false},"author":1,"featured_media":3998,"comment_status":"closed","ping_status":"closed","sticky":false,"template":"","format":"standard","meta":{"footnotes":""},"categories":[160],"tags":[],"class_list":["post-3993","post","type-post","status-publish","format-standard","has-post-thumbnail","hentry","category-ugyfeleinknek","gyarto-adobe","szoftver-creative-cloud-pro","szoftver-creative-cloud-pro-plus","egyeb-236"],"views":674,"_links":{"self":[{"href":"https:\/\/designshop.hu\/blog\/wp-json\/wp\/v2\/posts\/3993","targetHints":{"allow":["GET"]}}],"collection":[{"href":"https:\/\/designshop.hu\/blog\/wp-json\/wp\/v2\/posts"}],"about":[{"href":"https:\/\/designshop.hu\/blog\/wp-json\/wp\/v2\/types\/post"}],"author":[{"embeddable":true,"href":"https:\/\/designshop.hu\/blog\/wp-json\/wp\/v2\/users\/1"}],"replies":[{"embeddable":true,"href":"https:\/\/designshop.hu\/blog\/wp-json\/wp\/v2\/comments?post=3993"}],"version-history":[{"count":10,"href":"https:\/\/designshop.hu\/blog\/wp-json\/wp\/v2\/posts\/3993\/revisions"}],"predecessor-version":[{"id":4036,"href":"https:\/\/designshop.hu\/blog\/wp-json\/wp\/v2\/posts\/3993\/revisions\/4036"}],"wp:featuredmedia":[{"embeddable":true,"href":"https:\/\/designshop.hu\/blog\/wp-json\/wp\/v2\/media\/3998"}],"wp:attachment":[{"href":"https:\/\/designshop.hu\/blog\/wp-json\/wp\/v2\/media?parent=3993"}],"wp:term":[{"taxonomy":"category","embeddable":true,"href":"https:\/\/designshop.hu\/blog\/wp-json\/wp\/v2\/categories?post=3993"},{"taxonomy":"post_tag","embeddable":true,"href":"https:\/\/designshop.hu\/blog\/wp-json\/wp\/v2\/tags?post=3993"}],"curies":[{"name":"wp","href":"https:\/\/api.w.org\/{rel}","templated":true}]}}